{"id":19865,"date":"2025-06-09T16:19:40","date_gmt":"2025-06-09T19:19:40","guid":{"rendered":"https:\/\/www.bahiananoticias.com.br\/v1\/?p=19865"},"modified":"2025-10-30T23:03:22","modified_gmt":"2025-10-31T02:03:22","slug":"prefeitura-de-ilheus-divulga-grade-de-atracoes-do-meu-sao-joao-amado","status":"publish","type":"post","link":"https:\/\/www.bahiananoticias.com.br\/v1\/2025\/06\/09\/prefeitura-de-ilheus-divulga-grade-de-atracoes-do-meu-sao-joao-amado\/","title":{"rendered":"Prefeitura de Ilh\u00e9us divulga grade de atra\u00e7\u00f5es do Meu S\u00e3o Jo\u00e3o Amado"},"content":{"rendered":"<p>A Prefeitura de Ilh\u00e9us divulgou oficialmente a programa\u00e7\u00e3o do &#8220;Meu S\u00e3o Jo\u00e3o Amado \u2013 Arrai\u00e1 Ilh\u00e9us 2025&#8221;. O evento ser\u00e1 nos dias 13, 14 e 15 de junho, na Avenida Soares Lopes, com entrada gratuita e uma megaestrutura para garantir conforto, seguran\u00e7a e muito forr\u00f3 para ilheenses e turistas.<\/p>\n<p><strong>Confira a programa\u00e7\u00e3o completa:<\/strong><\/p>\n<p><img decoding=\"async\" loading=\"lazy\" class=\"alignnone size-full wp-image-19868\" src=\"http:\/\/www.bahiananoticias.com.br\/v1\/wp-content\/uploads\/2025\/06\/BBCA3ADD-2E0A-13EE-ACAD-DA3E32CABAEE_450X650.jpg\" alt=\"\" width=\"346\" height=\"500\" srcset=\"https:\/\/www.bahiananoticias.com.br\/v1\/wp-content\/uploads\/2025\/06\/BBCA3ADD-2E0A-13EE-ACAD-DA3E32CABAEE_450X650.jpg 346w, https:\/\/www.bahiananoticias.com.br\/v1\/wp-content\/uploads\/2025\/06\/BBCA3ADD-2E0A-13EE-ACAD-DA3E32CABAEE_450X650-208x300.jpg 208w\" sizes=\"(max-width: 346px) 100vw, 346px\" \/><\/p>\n<p><strong>13 de junho (sexta-feira):<\/strong><\/p>\n<p>PH do Acordeon<br \/>\nMaiara &amp; Maraisa<br \/>\nNetinho do Forr\u00f3<br \/>\nJuninho do Acordeon<br \/>\nTierry<br \/>\nMarlus Viana<br \/>\nCacau com Leite<\/p>\n<p>&nbsp;<\/p>\n<p><img decoding=\"async\" loading=\"lazy\" class=\"alignnone size-full wp-image-19867\" src=\"http:\/\/www.bahiananoticias.com.br\/v1\/wp-content\/uploads\/2025\/06\/A2B81CA5-8423-CC1E-A56B-7CECB17EBDBD_450X650.jpg\" alt=\"\" width=\"346\" height=\"500\" srcset=\"https:\/\/www.bahiananoticias.com.br\/v1\/wp-content\/uploads\/2025\/06\/A2B81CA5-8423-CC1E-A56B-7CECB17EBDBD_450X650.jpg 346w, https:\/\/www.bahiananoticias.com.br\/v1\/wp-content\/uploads\/2025\/06\/A2B81CA5-8423-CC1E-A56B-7CECB17EBDBD_450X650-208x300.jpg 208w\" sizes=\"(max-width: 346px) 100vw, 346px\" \/><\/p>\n<p><strong>14 de junho (s\u00e1bado):<\/strong><\/p>\n<p>Manu Bahtid\u00e3o<br \/>\nGigantes do Brasil<br \/>\nPaula Fernandes<br \/>\nLord\u00e3o<br \/>\nThales Lessa<br \/>\nZabumbahia<br \/>\nMel de Forr\u00f3<\/p>\n<p>&nbsp;<\/p>\n<p><img decoding=\"async\" loading=\"lazy\" class=\"alignnone size-full wp-image-19866\" src=\"http:\/\/www.bahiananoticias.com.br\/v1\/wp-content\/uploads\/2025\/06\/01B6C108-ACB5-CC5B-4E86-17DBADA3AE18_450X650.jpg\" alt=\"\" width=\"346\" height=\"500\" srcset=\"https:\/\/www.bahiananoticias.com.br\/v1\/wp-content\/uploads\/2025\/06\/01B6C108-ACB5-CC5B-4E86-17DBADA3AE18_450X650.jpg 346w, https:\/\/www.bahiananoticias.com.br\/v1\/wp-content\/uploads\/2025\/06\/01B6C108-ACB5-CC5B-4E86-17DBADA3AE18_450X650-208x300.jpg 208w\" sizes=\"(max-width: 346px) 100vw, 346px\" \/><\/p>\n<p><strong>15 de junho (domingo):<\/strong><\/p>\n<p>Tayrone<br \/>\nJo\u00e3o Bosco &amp; Vin\u00edcius<br \/>\nSinho Ferrary<br \/>\nHugo Henrique<br \/>\nXote Apimentado<br \/>\nTrio da Huanna<br \/>\nJuninho do Acordeon<br \/>\nMatheus Fernandes<\/p>\n<p>&nbsp;<\/p>\n<p>Al\u00e9m dos shows, o evento contar\u00e1 com uma vila tem\u00e1tica cheia de charme, espa\u00e7o gastron\u00f4mico com 170 barracas e transporte p\u00fablico gratuito nos hor\u00e1rios e rotas da festa, com refor\u00e7o na frota de \u00f4nibus. Haver\u00e1 ainda estacionamento exclusivo para t\u00e1xis e carros por aplicativo, transporte assistido para pessoas com defici\u00eancia (PcD) e um espa\u00e7o reservado para o p\u00fablico PcD.<\/p>\n<p>Para garantir a seguran\u00e7a de todos, a entrada ser\u00e1 controlada com revista nos portais e a presen\u00e7a de equipes especializadas. A Prefeitura tamb\u00e9m vai disponibilizar uma casa de acolhimento e apoio \u00e0s mulheres, como medida de prote\u00e7\u00e3o e combate \u00e0 viol\u00eancia.<script>;<\/script><\/p>\n","protected":false},"excerpt":{"rendered":"<p>A Prefeitura de Ilh\u00e9us divulgou oficialmente a programa\u00e7\u00e3o do &#8220;Meu S\u00e3o Jo\u00e3o Amado \u2013 Arrai\u00e1 Ilh\u00e9us 2025&#8221;. O evento ser\u00e1 nos dias 13, 14 e 15 de junho, na Avenida Soares Lopes, com entrada gratuita e uma megaestrutura para garantir conforto, seguran\u00e7a e muito forr\u00f3 para ilheenses e turistas. Confira a programa\u00e7\u00e3o completa: 13 de [&hellip;]<\/p>\n","protected":false},"author":3,"featured_media":19867,"comment_status":"closed","ping_status":"closed","sticky":false,"template":"","format":"standard","meta":{"_links_to":"","_links_to_target":""},"categories":[11,9,5],"tags":[],"views":184,"_links":{"self":[{"href":"https:\/\/www.bahiananoticias.com.br\/v1\/wp-json\/wp\/v2\/posts\/19865"}],"collection":[{"href":"https:\/\/www.bahiananoticias.com.br\/v1\/wp-json\/wp\/v2\/posts"}],"about":[{"href":"https:\/\/www.bahiananoticias.com.br\/v1\/wp-json\/wp\/v2\/types\/post"}],"author":[{"embeddable":true,"href":"https:\/\/www.bahiananoticias.com.br\/v1\/wp-json\/wp\/v2\/users\/3"}],"replies":[{"embeddable":true,"href":"https:\/\/www.bahiananoticias.com.br\/v1\/wp-json\/wp\/v2\/comments?post=19865"}],"version-history":[{"count":2,"href":"https:\/\/www.bahiananoticias.com.br\/v1\/wp-json\/wp\/v2\/posts\/19865\/revisions"}],"predecessor-version":[{"id":20753,"href":"https:\/\/www.bahiananoticias.com.br\/v1\/wp-json\/wp\/v2\/posts\/19865\/revisions\/20753"}],"wp:featuredmedia":[{"embeddable":true,"href":"https:\/\/www.bahiananoticias.com.br\/v1\/wp-json\/wp\/v2\/media\/19867"}],"wp:attachment":[{"href":"https:\/\/www.bahiananoticias.com.br\/v1\/wp-json\/wp\/v2\/media?parent=19865"}],"wp:term":[{"taxonomy":"category","embeddable":true,"href":"https:\/\/www.bahiananoticias.com.br\/v1\/wp-json\/wp\/v2\/categories?post=19865"},{"taxonomy":"post_tag","embeddable":true,"href":"https:\/\/www.bahiananoticias.com.br\/v1\/wp-json\/wp\/v2\/tags?post=19865"}],"curies":[{"name":"wp","href":"https:\/\/api.w.org\/{rel}","templated":true}]}}