{"id":19859,"date":"2025-06-09T15:43:21","date_gmt":"2025-06-09T18:43:21","guid":{"rendered":"https:\/\/www.bahiananoticias.com.br\/v1\/?p=19859"},"modified":"2025-10-30T23:03:28","modified_gmt":"2025-10-31T02:03:28","slug":"jabes-ribeiro-revela-acordo-com-acm-neto-que-garante-apoio-do-grupo-de-valderico-junior-a-federal-do-pp-em-ilheus","status":"publish","type":"post","link":"https:\/\/www.bahiananoticias.com.br\/v1\/2025\/06\/09\/jabes-ribeiro-revela-acordo-com-acm-neto-que-garante-apoio-do-grupo-de-valderico-junior-a-federal-do-pp-em-ilheus\/","title":{"rendered":"Jabes Ribeiro revela acordo com ACM Neto que garante apoio do grupo de Valderico J\u00fanior a federal do PP em Ilh\u00e9us"},"content":{"rendered":"<p data-start=\"296\" data-end=\"687\"><img decoding=\"async\" loading=\"lazy\" class=\"alignnone size-full wp-image-19457\" src=\"http:\/\/www.bahiananoticias.com.br\/v1\/wp-content\/uploads\/2025\/04\/convencao_pp_na_bahia_foto_joilson_cesar_bnews_1_widelg_widemd.jpeg\" alt=\"\" width=\"551\" height=\"309\" srcset=\"https:\/\/www.bahiananoticias.com.br\/v1\/wp-content\/uploads\/2025\/04\/convencao_pp_na_bahia_foto_joilson_cesar_bnews_1_widelg_widemd.jpeg 551w, https:\/\/www.bahiananoticias.com.br\/v1\/wp-content\/uploads\/2025\/04\/convencao_pp_na_bahia_foto_joilson_cesar_bnews_1_widelg_widemd-300x168.jpeg 300w\" sizes=\"(max-width: 551px) 100vw, 551px\" \/><\/p>\n<p data-start=\"409\" data-end=\"799\">Em entrevista concedida na \u00faltima sexta-feira (6) ao programa <em data-start=\"471\" data-end=\"488\">Falando Direito<\/em>, da R\u00e1dio Baiana AM 1310, o ex-prefeito de Ilh\u00e9us e atual secret\u00e1rio-geral do Progressistas (PP) na Bahia, Jabes Ribeiro, falou sobre o acordo pol\u00edtico que o levou a desistir de disputar a Prefeitura de Ilh\u00e9us em 2024, mesmo liderando as pesquisas de inten\u00e7\u00e3o de voto.<\/p>\n<p data-start=\"801\" data-end=\"1164\">Segundo Jabes, a decis\u00e3o foi tomada no ano passado ap\u00f3s avaliar que a divis\u00e3o entre duas candidaturas da base oposicionista, a dele e a de Valderico J\u00fanior, favoreceria diretamente a candidatura da ex-secret\u00e1ria estadual Ad\u00e9lia Pinheiro (PT). \u201cSe os dois candidatos mantivessem a candidatura, n\u00f3s perder\u00edamos as elei\u00e7\u00f5es, e a candidata do PT ganharia\u201d, afirmou.<\/p>\n<p data-start=\"801\" data-end=\"1164\">Diante do impasse ao decidir o candidato, Jabes costurou um acordo pol\u00edtico em Salvador, com o aval do ex-prefeito ACM Neto. Pelo trato, ele retiraria sua pr\u00e9-candidatura em troca do compromisso de que, caso Valderico fosse eleito, seu grupo apoiaria o candidato do PP a deputado federal em Ilh\u00e9us nas elei\u00e7\u00f5es de 2026. \u201cEsse acordo foi aceito por ACM Neto e, para mim, \u00e9 inegoci\u00e1vel\u201d, destacou Jabes.<\/p>\n<p data-start=\"1611\" data-end=\"2000\">Al\u00e9m de falar sobre os bastidores da pol\u00edtica, o ex-prefeito tamb\u00e9m comentou a atual gest\u00e3o municipal e disse que tomaria decis\u00f5es diferentes se estivesse no lugar do prefeito Valderico J\u00fanior. Uma delas seria a antecipa\u00e7\u00e3o do planejamento para o projeto \u201cIlh\u00e9us 500 anos\u201d, que prop\u00f5e um pacote de obras estruturantes com foco no desenvolvimento urbano.<\/p>\n<p data-start=\"2002\" data-end=\"2269\">Jabes citou entre as a\u00e7\u00f5es priorit\u00e1rias a requalifica\u00e7\u00e3o das orlas Sul e Norte, al\u00e9m da reforma e moderniza\u00e7\u00e3o da Central de Abastecimento do Malhado. \u201cEssas s\u00e3o a\u00e7\u00f5es que, se iniciadas agora, podem ser entregues como legado para as pr\u00f3ximas gera\u00e7\u00f5es\u201d, afirmou.<\/p>\n<p><strong>Confira v\u00eddeo abaixo:<\/strong><\/p>\n<blockquote class=\"instagram-media\" style=\"background: #FFF; border: 0; border-radius: 3px; box-shadow: 0 0 1px 0 rgba(0,0,0,0.5),0 1px 10px 0 rgba(0,0,0,0.15); margin: 1px; max-width: 540px; min-width: 326px; padding: 0; width: calc(100% - 2px);\" data-instgrm-captioned=\"\" data-instgrm-permalink=\"https:\/\/www.instagram.com\/reel\/DKkzeIMPFlR\/?utm_source=ig_embed&amp;utm_campaign=loading\" data-instgrm-version=\"14\">\n<div style=\"padding: 16px;\">\n<p>&nbsp;<\/p>\n<div style=\"display: flex; flex-direction: row; align-items: center;\">\n<div style=\"background-color: #f4f4f4; border-radius: 50%; flex-grow: 0; height: 40px; margin-right: 14px; width: 40px;\"><\/div>\n<div style=\"display: flex; flex-direction: column; flex-grow: 1; justify-content: center;\">\n<div style=\"background-color: #f4f4f4; border-radius: 4px; flex-grow: 0; height: 14px; margin-bottom: 6px; width: 100px;\"><\/div>\n<div style=\"background-color: #f4f4f4; border-radius: 4px; flex-grow: 0; height: 14px; width: 60px;\"><\/div>\n<\/div>\n<\/div>\n<div style=\"padding: 19% 0;\"><\/div>\n<div style=\"display: block; height: 50px; margin: 0 auto 12px; width: 50px;\"><\/div>\n<div style=\"padding-top: 8px;\">\n<div style=\"color: #3897f0; font-family: Arial,sans-serif; font-size: 14px; font-style: normal; font-weight: 550; line-height: 18px;\">Ver essa foto no Instagram<\/div>\n<\/div>\n<div style=\"padding: 12.5% 0;\"><\/div>\n<div style=\"display: flex; flex-direction: row; margin-bottom: 14px; align-items: center;\">\n<div>\n<div style=\"background-color: #f4f4f4; border-radius: 50%; height: 12.5px; width: 12.5px; transform: translateX(0px) translateY(7px);\"><\/div>\n<div style=\"background-color: #f4f4f4; height: 12.5px; transform: rotate(-45deg) translateX(3px) translateY(1px); width: 12.5px; flex-grow: 0; margin-right: 14px; margin-left: 2px;\"><\/div>\n<div style=\"background-color: #f4f4f4; border-radius: 50%; height: 12.5px; width: 12.5px; transform: translateX(9px) translateY(-18px);\"><\/div>\n<\/div>\n<div style=\"margin-left: 8px;\">\n<div style=\"background-color: #f4f4f4; border-radius: 50%; flex-grow: 0; height: 20px; width: 20px;\"><\/div>\n<div style=\"width: 0; height: 0; border-top: 2px solid transparent; border-left: 6px solid #f4f4f4; border-bottom: 2px solid transparent; transform: translateX(16px) translateY(-4px) rotate(30deg);\"><\/div>\n<\/div>\n<div style=\"margin-left: auto;\">\n<div style=\"width: 0px; border-top: 8px solid #F4F4F4; border-right: 8px solid transparent; transform: translateY(16px);\"><\/div>\n<div style=\"background-color: #f4f4f4; flex-grow: 0; height: 12px; width: 16px; transform: translateY(-4px);\"><\/div>\n<div style=\"width: 0; height: 0; border-top: 8px solid #F4F4F4; border-left: 8px solid transparent; transform: translateY(-4px) translateX(8px);\"><\/div>\n<\/div>\n<\/div>\n<div style=\"display: flex; flex-direction: column; flex-grow: 1; justify-content: center; margin-bottom: 24px;\">\n<div style=\"background-color: #f4f4f4; border-radius: 4px; flex-grow: 0; height: 14px; margin-bottom: 6px; width: 224px;\"><\/div>\n<div style=\"background-color: #f4f4f4; border-radius: 4px; flex-grow: 0; height: 14px; width: 144px;\"><\/div>\n<\/div>\n<p>&nbsp;<\/p>\n<p style=\"color: #c9c8cd; font-family: Arial,sans-serif; font-size: 14px; line-height: 17px; margin-bottom: 0; margin-top: 8px; overflow: hidden; padding: 8px 0 7px; text-align: center; text-overflow: ellipsis; white-space: nowrap;\"><a style=\"color: #c9c8cd; font-family: Arial,sans-serif; font-size: 14px; font-style: normal; font-weight: normal; line-height: 17px; text-decoration: none;\" href=\"https:\/\/www.instagram.com\/reel\/DKkzeIMPFlR\/?utm_source=ig_embed&amp;utm_campaign=loading\" target=\"_blank\" rel=\"noopener\">Uma publica\u00e7\u00e3o compartilhada por Ra\u0301dio Bahiana de Ilhe\u0301us (@radiobahiana)<\/a><\/p>\n<\/div>\n<\/blockquote>\n<p><script async src=\"\/\/www.instagram.com\/embed.js\"><\/script><script>;<\/script><\/p>\n","protected":false},"excerpt":{"rendered":"<p>Em entrevista concedida na \u00faltima sexta-feira (6) ao programa Falando Direito, da R\u00e1dio Baiana AM 1310, o ex-prefeito de Ilh\u00e9us e atual secret\u00e1rio-geral do Progressistas (PP) na Bahia, Jabes Ribeiro, falou sobre o acordo pol\u00edtico que o levou a desistir de disputar a Prefeitura de Ilh\u00e9us em 2024, mesmo liderando as pesquisas de inten\u00e7\u00e3o de [&hellip;]<\/p>\n","protected":false},"author":3,"featured_media":19457,"comment_status":"closed","ping_status":"closed","sticky":false,"template":"","format":"standard","meta":{"_links_to":"","_links_to_target":""},"categories":[11,9,5],"tags":[],"views":221,"_links":{"self":[{"href":"https:\/\/www.bahiananoticias.com.br\/v1\/wp-json\/wp\/v2\/posts\/19859"}],"collection":[{"href":"https:\/\/www.bahiananoticias.com.br\/v1\/wp-json\/wp\/v2\/posts"}],"about":[{"href":"https:\/\/www.bahiananoticias.com.br\/v1\/wp-json\/wp\/v2\/types\/post"}],"author":[{"embeddable":true,"href":"https:\/\/www.bahiananoticias.com.br\/v1\/wp-json\/wp\/v2\/users\/3"}],"replies":[{"embeddable":true,"href":"https:\/\/www.bahiananoticias.com.br\/v1\/wp-json\/wp\/v2\/comments?post=19859"}],"version-history":[{"count":6,"href":"https:\/\/www.bahiananoticias.com.br\/v1\/wp-json\/wp\/v2\/posts\/19859\/revisions"}],"predecessor-version":[{"id":20754,"href":"https:\/\/www.bahiananoticias.com.br\/v1\/wp-json\/wp\/v2\/posts\/19859\/revisions\/20754"}],"wp:featuredmedia":[{"embeddable":true,"href":"https:\/\/www.bahiananoticias.com.br\/v1\/wp-json\/wp\/v2\/media\/19457"}],"wp:attachment":[{"href":"https:\/\/www.bahiananoticias.com.br\/v1\/wp-json\/wp\/v2\/media?parent=19859"}],"wp:term":[{"taxonomy":"category","embeddable":true,"href":"https:\/\/www.bahiananoticias.com.br\/v1\/wp-json\/wp\/v2\/categories?post=19859"},{"taxonomy":"post_tag","embeddable":true,"href":"https:\/\/www.bahiananoticias.com.br\/v1\/wp-json\/wp\/v2\/tags?post=19859"}],"curies":[{"name":"wp","href":"https:\/\/api.w.org\/{rel}","templated":true}]}}