{"id":19831,"date":"2025-06-03T13:18:31","date_gmt":"2025-06-03T16:18:31","guid":{"rendered":"https:\/\/www.bahiananoticias.com.br\/v1\/?p=19831"},"modified":"2025-10-30T23:04:21","modified_gmt":"2025-10-31T02:04:21","slug":"prefeitura-de-itabuna-encerra-a-contagem-da-populacao-para-avancar-mais-uma-etapa-da-territorializacao","status":"publish","type":"post","link":"https:\/\/www.bahiananoticias.com.br\/v1\/2025\/06\/03\/prefeitura-de-itabuna-encerra-a-contagem-da-populacao-para-avancar-mais-uma-etapa-da-territorializacao\/","title":{"rendered":"Prefeitura de Itabuna encerra a contagem da popula\u00e7\u00e3o para avan\u00e7ar mais uma etapa da territorializa\u00e7\u00e3o"},"content":{"rendered":"<p><img decoding=\"async\" loading=\"lazy\" class=\"alignnone size-full wp-image-19832\" src=\"http:\/\/www.bahiananoticias.com.br\/v1\/wp-content\/uploads\/2025\/06\/WhatsApp-Image-2025-06-02-at-11.00.49.jpeg\" alt=\"\" width=\"600\" height=\"400\" srcset=\"https:\/\/www.bahiananoticias.com.br\/v1\/wp-content\/uploads\/2025\/06\/WhatsApp-Image-2025-06-02-at-11.00.49.jpeg 600w, https:\/\/www.bahiananoticias.com.br\/v1\/wp-content\/uploads\/2025\/06\/WhatsApp-Image-2025-06-02-at-11.00.49-300x200.jpeg 300w\" sizes=\"(max-width: 600px) 100vw, 600px\" \/><\/p>\n<p>A Prefeitura de Itabuna, por meio do Departamento da Aten\u00e7\u00e3o Prim\u00e1ria da Secretaria Municipal de Sa\u00fade, encerrou mais uma etapa importante do processo da territorializa\u00e7\u00e3o da Sa\u00fade do Munic\u00edpio: a contagem da popula\u00e7\u00e3o.<br \/>\nComo parte do processo de finaliza\u00e7\u00e3o da contagem, para a realiza\u00e7\u00e3o de ajustes se necess\u00e1rio, haver\u00e1 uma reuni\u00e3o nesta ter\u00e7a-feira, dia 3, \u00e0s 9h30min, no audit\u00f3rio do Centro de Aten\u00e7\u00e3o \u00e0 Mulher Maria Domingas Santos (CAM Itabuna).<\/p>\n<p>O encontro contar\u00e1 com a presen\u00e7a de representantes do Conselho Estadual de Sa\u00fade e de universidades p\u00fablicas e faculdades particulares.<br \/>\nA secret\u00e1ria municipal de Sa\u00fade, L\u00edvia Mendes Aguiar, frisa a import\u00e2ncia de todo o processo da territorializa\u00e7\u00e3o por se tratar de uma estrat\u00e9gia de planejamento adotada pelo Sistema \u00danico de Sa\u00fade (SUS) para melhor identificar e atender as necessidades da popula\u00e7\u00e3o.<\/p>\n<p>A enfermeira Dayse Santos, coordenadora do Departamento da Aten\u00e7\u00e3o Prim\u00e1ria, lembra que a contagem foi uma das fases mais desafiadoras e importantes deste processo de territorializa\u00e7\u00e3o da Aten\u00e7\u00e3o Prim\u00e1ria da Sa\u00fade de Itabuna.<br \/>\n\u201cN\u00f3s conseguimos avan\u00e7ar bastante, depois de ter sido realizado um trabalho criterioso que exigiu muita dedica\u00e7\u00e3o e compromisso por parte de toda equipe envolvida\u201d, avalia.<\/p>\n<p>De acordo com ela, foi feita a contagem de toda popula\u00e7\u00e3o da \u00e1rea urbana e rural e para isso, foi necess\u00e1rio o envolvimento n\u00e3o s\u00f3 dos Agentes Comunit\u00e1rios de Sa\u00fade (ACS), mas de equipes multiprofissionais.<\/p>\n<p>Al\u00e9m disso, m\u00e9dicos, odont\u00f3logos, assistentes sociais, enfermeiros, t\u00e9cnicos de enfermagem e educadores f\u00edsicos foram alguns destes profissionais que fizeram parte da contagem da popula\u00e7\u00e3o.<\/p>\n<p>\u201cSer\u00e1 com base nessa atualiza\u00e7\u00e3o dos dados que ser\u00e1 poss\u00edvel identificar o territ\u00f3rio de atua\u00e7\u00e3o das unidades de sa\u00fade e, consequentemente, fazer planejamento, investimentos e executar a\u00e7\u00f5es bem-sucedidas na \u00e1rea da sa\u00fade, tendo como base de trabalho a popula\u00e7\u00e3o identificada in loco\u201d, explica a coordenadora do Departamento da Aten\u00e7\u00e3o Prim\u00e1ria, Dayse Santos.<script>;<\/script><\/p>\n","protected":false},"excerpt":{"rendered":"<p>A Prefeitura de Itabuna, por meio do Departamento da Aten\u00e7\u00e3o Prim\u00e1ria da Secretaria Municipal de Sa\u00fade, encerrou mais uma etapa importante do processo da territorializa\u00e7\u00e3o da Sa\u00fade do Munic\u00edpio: a contagem da popula\u00e7\u00e3o. Como parte do processo de finaliza\u00e7\u00e3o da contagem, para a realiza\u00e7\u00e3o de ajustes se necess\u00e1rio, haver\u00e1 uma reuni\u00e3o nesta ter\u00e7a-feira, dia 3, [&hellip;]<\/p>\n","protected":false},"author":3,"featured_media":19832,"comment_status":"closed","ping_status":"closed","sticky":false,"template":"","format":"standard","meta":{"_links_to":"","_links_to_target":""},"categories":[11,9],"tags":[],"views":199,"_links":{"self":[{"href":"https:\/\/www.bahiananoticias.com.br\/v1\/wp-json\/wp\/v2\/posts\/19831"}],"collection":[{"href":"https:\/\/www.bahiananoticias.com.br\/v1\/wp-json\/wp\/v2\/posts"}],"about":[{"href":"https:\/\/www.bahiananoticias.com.br\/v1\/wp-json\/wp\/v2\/types\/post"}],"author":[{"embeddable":true,"href":"https:\/\/www.bahiananoticias.com.br\/v1\/wp-json\/wp\/v2\/users\/3"}],"replies":[{"embeddable":true,"href":"https:\/\/www.bahiananoticias.com.br\/v1\/wp-json\/wp\/v2\/comments?post=19831"}],"version-history":[{"count":2,"href":"https:\/\/www.bahiananoticias.com.br\/v1\/wp-json\/wp\/v2\/posts\/19831\/revisions"}],"predecessor-version":[{"id":20763,"href":"https:\/\/www.bahiananoticias.com.br\/v1\/wp-json\/wp\/v2\/posts\/19831\/revisions\/20763"}],"wp:featuredmedia":[{"embeddable":true,"href":"https:\/\/www.bahiananoticias.com.br\/v1\/wp-json\/wp\/v2\/media\/19832"}],"wp:attachment":[{"href":"https:\/\/www.bahiananoticias.com.br\/v1\/wp-json\/wp\/v2\/media?parent=19831"}],"wp:term":[{"taxonomy":"category","embeddable":true,"href":"https:\/\/www.bahiananoticias.com.br\/v1\/wp-json\/wp\/v2\/categories?post=19831"},{"taxonomy":"post_tag","embeddable":true,"href":"https:\/\/www.bahiananoticias.com.br\/v1\/wp-json\/wp\/v2\/tags?post=19831"}],"curies":[{"name":"wp","href":"https:\/\/api.w.org\/{rel}","templated":true}]}}