{"id":19822,"date":"2025-06-03T13:08:19","date_gmt":"2025-06-03T16:08:19","guid":{"rendered":"https:\/\/www.bahiananoticias.com.br\/v1\/?p=19822"},"modified":"2025-10-30T23:04:39","modified_gmt":"2025-10-31T02:04:39","slug":"espetaculo-cantinho-de-nois-chega-ao-teatro-municipal-com-entrada-gratuita-nesta-terca-feira-03","status":"publish","type":"post","link":"https:\/\/www.bahiananoticias.com.br\/v1\/2025\/06\/03\/espetaculo-cantinho-de-nois-chega-ao-teatro-municipal-com-entrada-gratuita-nesta-terca-feira-03\/","title":{"rendered":"Espet\u00e1culo Cantinho de N\u00f3is chega ao Teatro Municipal com entrada gratuita nesta ter\u00e7a-feira (03)"},"content":{"rendered":"<p><img decoding=\"async\" loading=\"lazy\" class=\"alignnone size-full wp-image-19823\" src=\"http:\/\/www.bahiananoticias.com.br\/v1\/wp-content\/uploads\/2025\/06\/0007A2E7-BA8D-778A-775D-70CCAA881EAB.jpg\" alt=\"\" width=\"400\" height=\"500\" srcset=\"https:\/\/www.bahiananoticias.com.br\/v1\/wp-content\/uploads\/2025\/06\/0007A2E7-BA8D-778A-775D-70CCAA881EAB.jpg 400w, https:\/\/www.bahiananoticias.com.br\/v1\/wp-content\/uploads\/2025\/06\/0007A2E7-BA8D-778A-775D-70CCAA881EAB-240x300.jpg 240w\" sizes=\"(max-width: 400px) 100vw, 400px\" \/><\/p>\n<p>Ilh\u00e9us recebe nesta ter\u00e7a-feira (03), \u00e0s 19h, no Teatro Municipal, o espet\u00e1culo \u201cCantinho de N\u00f3is\u201d, da Jorge Garcia Companhia de Dan\u00e7a. Com entrada gratuita e classifica\u00e7\u00e3o livre, a apresenta\u00e7\u00e3o tem o apoio da Prefeitura de Ilh\u00e9us, por meio da Secretaria Municipal de Cultura.<\/p>\n<p>A montagem celebra os 20 anos da companhia e traz ao palco uma fus\u00e3o entre a dan\u00e7a contempor\u00e2nea e manifesta\u00e7\u00f5es populares do Nordeste, como o Cavalo Marinho e o Bumba-Meu-Boi. A proposta percorre elementos da identidade brasileira, inspirada em refer\u00eancias como o folclorista C\u00e2mara Cascudo, em uma narrativa que conecta o sert\u00e3o nordestino ao carnaval de Olinda.<\/p>\n<p>Antes da apresenta\u00e7\u00e3o, ser\u00e1 realizada uma oficina gratuita de dan\u00e7a contempor\u00e2nea, das 14h \u00e0s 15h30, tamb\u00e9m no Teatro Municipal. A atividade \u00e9 aberta ao p\u00fablico e voltada para iniciantes ou interessados em dan\u00e7a, com vagas limitadas a 25 participantes. A oficina abordar\u00e1 t\u00e9cnicas corporais, express\u00e3o art\u00edstica e princ\u00edpios de movimento.<script>;<\/script><\/p>\n","protected":false},"excerpt":{"rendered":"<p>Ilh\u00e9us recebe nesta ter\u00e7a-feira (03), \u00e0s 19h, no Teatro Municipal, o espet\u00e1culo \u201cCantinho de N\u00f3is\u201d, da Jorge Garcia Companhia de Dan\u00e7a. Com entrada gratuita e classifica\u00e7\u00e3o livre, a apresenta\u00e7\u00e3o tem o apoio da Prefeitura de Ilh\u00e9us, por meio da Secretaria Municipal de Cultura. A montagem celebra os 20 anos da companhia e traz ao palco [&hellip;]<\/p>\n","protected":false},"author":3,"featured_media":19823,"comment_status":"closed","ping_status":"closed","sticky":false,"template":"","format":"standard","meta":{"_links_to":"","_links_to_target":""},"categories":[11,9],"tags":[],"views":170,"_links":{"self":[{"href":"https:\/\/www.bahiananoticias.com.br\/v1\/wp-json\/wp\/v2\/posts\/19822"}],"collection":[{"href":"https:\/\/www.bahiananoticias.com.br\/v1\/wp-json\/wp\/v2\/posts"}],"about":[{"href":"https:\/\/www.bahiananoticias.com.br\/v1\/wp-json\/wp\/v2\/types\/post"}],"author":[{"embeddable":true,"href":"https:\/\/www.bahiananoticias.com.br\/v1\/wp-json\/wp\/v2\/users\/3"}],"replies":[{"embeddable":true,"href":"https:\/\/www.bahiananoticias.com.br\/v1\/wp-json\/wp\/v2\/comments?post=19822"}],"version-history":[{"count":2,"href":"https:\/\/www.bahiananoticias.com.br\/v1\/wp-json\/wp\/v2\/posts\/19822\/revisions"}],"predecessor-version":[{"id":20766,"href":"https:\/\/www.bahiananoticias.com.br\/v1\/wp-json\/wp\/v2\/posts\/19822\/revisions\/20766"}],"wp:featuredmedia":[{"embeddable":true,"href":"https:\/\/www.bahiananoticias.com.br\/v1\/wp-json\/wp\/v2\/media\/19823"}],"wp:attachment":[{"href":"https:\/\/www.bahiananoticias.com.br\/v1\/wp-json\/wp\/v2\/media?parent=19822"}],"wp:term":[{"taxonomy":"category","embeddable":true,"href":"https:\/\/www.bahiananoticias.com.br\/v1\/wp-json\/wp\/v2\/categories?post=19822"},{"taxonomy":"post_tag","embeddable":true,"href":"https:\/\/www.bahiananoticias.com.br\/v1\/wp-json\/wp\/v2\/tags?post=19822"}],"curies":[{"name":"wp","href":"https:\/\/api.w.org\/{rel}","templated":true}]}}