{"id":19567,"date":"2025-05-06T13:08:33","date_gmt":"2025-05-06T16:08:33","guid":{"rendered":"https:\/\/www.bahiananoticias.com.br\/v1\/?p=19567"},"modified":"2025-10-30T23:11:05","modified_gmt":"2025-10-31T02:11:05","slug":"reitor-da-uesc-sera-empossado-na-academia-de-letras-de-ilheus-dia-7-de-maio","status":"publish","type":"post","link":"https:\/\/www.bahiananoticias.com.br\/v1\/2025\/05\/06\/reitor-da-uesc-sera-empossado-na-academia-de-letras-de-ilheus-dia-7-de-maio\/","title":{"rendered":"Reitor da Uesc ser\u00e1 empossado na Academia de Letras de Ilh\u00e9us, dia 7 de maio"},"content":{"rendered":"<p><img decoding=\"async\" loading=\"lazy\" class=\"alignnone size-full wp-image-19568\" src=\"http:\/\/www.bahiananoticias.com.br\/v1\/wp-content\/uploads\/2025\/05\/WhatsApp-Image-2025-05-06-at-13.05.58.jpeg\" alt=\"\" width=\"600\" height=\"408\" srcset=\"https:\/\/www.bahiananoticias.com.br\/v1\/wp-content\/uploads\/2025\/05\/WhatsApp-Image-2025-05-06-at-13.05.58.jpeg 600w, https:\/\/www.bahiananoticias.com.br\/v1\/wp-content\/uploads\/2025\/05\/WhatsApp-Image-2025-05-06-at-13.05.58-300x204.jpeg 300w\" sizes=\"(max-width: 600px) 100vw, 600px\" \/><\/p>\n<p>A Academia de Letras de Ilh\u00e9us (ALI) vai empossar um novo \u201cimortal\u201d. O professor e poeta Alessandro Fernandes, atual reitor da Universidade Estadual de Santa Cruz (Uesc), tomar\u00e1 posse na quarta-feira, 7 de maio, \u00e0s 19 horas, em sess\u00e3o solene na sede da institui\u00e7\u00e3o, localizada na Rua Eus\u00ednio Lavigne Lemos, no centro hist\u00f3rico da cidade.<\/p>\n<p>Alessandro Fernandes ocupar\u00e1 a cadeira n\u00ba 9, que tem como patrono o ilustre Bernardino Jos\u00e9 de Souza e como fundador, o escritor ilheense Adonias Filho. A indica\u00e7\u00e3o do novo acad\u00eamico foi feita pelos confrades Josevandro Nascimento, presidente da Academia, Jabes Ribeiro e Jane Hilda Badar\u00f3, para ocupar a cadeira deixada por Luiz Pedreira Fernandes.<\/p>\n<p>A elei\u00e7\u00e3o de Alessandro ocorreu em 26 de setembro de 2024, foi recebida com alegria e humildade pelo professor e poeta. &#8220;Sinto-me extremamente feliz e honrado com a not\u00edcia da minha elei\u00e7\u00e3o para a prestigiosa Academia de Letras de Ilh\u00e9us, um dos munic\u00edpios mais importantes da Bahia e do Brasil pela sua hist\u00f3ria, pela sua literatura de Adonias Filho, Jorge Amado e tantos outros. Fazer parte desse grupo \u00e9 uma coisa que sobeja o meu merecimento. \u00c9 com muita humildade que serei empossado na Academia de Letras de Ilh\u00e9us, para a cadeira que era ocupada pelo ilustre desembargador baiano, Lu\u00eds Pedreira Fernandes, que tem como fundador o grande escritor ilheense Adonias Filho e patrono, ningu\u00e9m menos, do que Bernardino Jos\u00e9 de Souza&#8221;, declarou o futuro acad\u00eamico.<\/p>\n<p>A acad\u00eamica Jane Hilda Badar\u00f3 far\u00e1 o discurso de apresenta\u00e7\u00e3o no novo membro da ALI. \u201cA Academia de Letras de Ilh\u00e9us ganha muito com a presen\u00e7a do Prof. Dr. Alessandro Fernandes. Poeta, intelectual, educador, gestor p\u00fablico, atualmente reitor da mais antiga e extremamente importante institui\u00e7\u00e3o p\u00fablica de ensino superior da regi\u00e3o grapi\u00fana da Bahia, com reconhecimento nacional e internacional: a Uesc. Que seja bem-vindo, confrade\u201d. Diversas outras mensagens de congratula\u00e7\u00f5es foram enviadas por membros da &#8220;Casa de Abel&#8221;, carinhoso apelido da ALI em refer\u00eancia a um de seus fundadores, o poeta Abel Pereira.<\/p>\n<p>Alessandro Fernandes \u00e9 professor do Departamento de Economia da Uesc, onde tamb\u00e9m se graduou em Economia e Administra\u00e7\u00e3o e se especializou em Economia Empresarial, mestre em Cultura (Uesc\/UFBA), e doutor em Ci\u00eancias Sociais, Desenvolvimento, Agricultura e Sociedade pela Universidade Federal Rural do Rio de Janeiro (UFRRJ). Al\u00e9m disso, preside o Conselho de Administra\u00e7\u00e3o do Centro de Pesquisa (Cepedi), \u00e9 membro da Associa\u00e7\u00e3o Brasileira de Reitores das Universidades Estaduais e Municipais (Abruem), coordena o programa de gest\u00e3o e apoio institucional dos munic\u00edpios da Regi\u00e3o Sul da Bahia e j\u00e1 integra a Academia de Letras de Itabuna (Alita) e a Academia de Letras e Artes Grapi\u00fana (Agral).<\/p>\n<p>J\u00e1 ocupou cargos importantes, como presidente do F\u00f3rum dos Reitores das Universidades Estaduais da Bahia, coordenador do Curso de Ci\u00eancias Econ\u00f4micas, Pr\u00f3-reitor de Extens\u00e3o da Universidade e foi secret\u00e1rio municipal de Educa\u00e7\u00e3o e Cultura de Arataca. Por delibera\u00e7\u00e3o da C\u00e2mara de Vereadores, recebeu o T\u00edtulo de Cidad\u00e3o Ilheense. Tamb\u00e9m foi homenageado com a Comenda da Ordem do M\u00e9rito de S\u00e3o Jorge dos Ilh\u00e9us, outorgado pelo Poder Executivo.<script>;<\/script><\/p>\n","protected":false},"excerpt":{"rendered":"<p>A Academia de Letras de Ilh\u00e9us (ALI) vai empossar um novo \u201cimortal\u201d. O professor e poeta Alessandro Fernandes, atual reitor da Universidade Estadual de Santa Cruz (Uesc), tomar\u00e1 posse na quarta-feira, 7 de maio, \u00e0s 19 horas, em sess\u00e3o solene na sede da institui\u00e7\u00e3o, localizada na Rua Eus\u00ednio Lavigne Lemos, no centro hist\u00f3rico da cidade. [&hellip;]<\/p>\n","protected":false},"author":3,"featured_media":19568,"comment_status":"closed","ping_status":"closed","sticky":false,"template":"","format":"standard","meta":{"_links_to":"","_links_to_target":""},"categories":[11,9,5],"tags":[],"views":224,"_links":{"self":[{"href":"https:\/\/www.bahiananoticias.com.br\/v1\/wp-json\/wp\/v2\/posts\/19567"}],"collection":[{"href":"https:\/\/www.bahiananoticias.com.br\/v1\/wp-json\/wp\/v2\/posts"}],"about":[{"href":"https:\/\/www.bahiananoticias.com.br\/v1\/wp-json\/wp\/v2\/types\/post"}],"author":[{"embeddable":true,"href":"https:\/\/www.bahiananoticias.com.br\/v1\/wp-json\/wp\/v2\/users\/3"}],"replies":[{"embeddable":true,"href":"https:\/\/www.bahiananoticias.com.br\/v1\/wp-json\/wp\/v2\/comments?post=19567"}],"version-history":[{"count":2,"href":"https:\/\/www.bahiananoticias.com.br\/v1\/wp-json\/wp\/v2\/posts\/19567\/revisions"}],"predecessor-version":[{"id":20837,"href":"https:\/\/www.bahiananoticias.com.br\/v1\/wp-json\/wp\/v2\/posts\/19567\/revisions\/20837"}],"wp:featuredmedia":[{"embeddable":true,"href":"https:\/\/www.bahiananoticias.com.br\/v1\/wp-json\/wp\/v2\/media\/19568"}],"wp:attachment":[{"href":"https:\/\/www.bahiananoticias.com.br\/v1\/wp-json\/wp\/v2\/media?parent=19567"}],"wp:term":[{"taxonomy":"category","embeddable":true,"href":"https:\/\/www.bahiananoticias.com.br\/v1\/wp-json\/wp\/v2\/categories?post=19567"},{"taxonomy":"post_tag","embeddable":true,"href":"https:\/\/www.bahiananoticias.com.br\/v1\/wp-json\/wp\/v2\/tags?post=19567"}],"curies":[{"name":"wp","href":"https:\/\/api.w.org\/{rel}","templated":true}]}}