{"id":19564,"date":"2025-05-05T23:40:32","date_gmt":"2025-05-06T02:40:32","guid":{"rendered":"https:\/\/www.bahiananoticias.com.br\/v1\/?p=19564"},"modified":"2025-10-30T23:11:10","modified_gmt":"2025-10-31T02:11:10","slug":"ilheus-promove-semana-de-mobilizacao-contra-a-exploracao-sexual-infantil-com-forum-capacitacoes-e-caminhada","status":"publish","type":"post","link":"https:\/\/www.bahiananoticias.com.br\/v1\/2025\/05\/05\/ilheus-promove-semana-de-mobilizacao-contra-a-exploracao-sexual-infantil-com-forum-capacitacoes-e-caminhada\/","title":{"rendered":"Ilh\u00e9us promove semana de mobiliza\u00e7\u00e3o contra a explora\u00e7\u00e3o sexual infantil com f\u00f3rum, capacita\u00e7\u00f5es e caminhada"},"content":{"rendered":"<p class=\"\" data-start=\"0\" data-end=\"112\"><img decoding=\"async\" loading=\"lazy\" class=\"alignnone size-full wp-image-19565\" src=\"http:\/\/www.bahiananoticias.com.br\/v1\/wp-content\/uploads\/2025\/05\/WhatsApp-Image-2025-05-05-at-20.04.38-1.jpeg\" alt=\"\" width=\"600\" height=\"221\" srcset=\"https:\/\/www.bahiananoticias.com.br\/v1\/wp-content\/uploads\/2025\/05\/WhatsApp-Image-2025-05-05-at-20.04.38-1.jpeg 600w, https:\/\/www.bahiananoticias.com.br\/v1\/wp-content\/uploads\/2025\/05\/WhatsApp-Image-2025-05-05-at-20.04.38-1-300x111.jpeg 300w\" sizes=\"(max-width: 600px) 100vw, 600px\" \/><\/p>\n<p class=\"\" data-start=\"114\" data-end=\"481\">Entre os dias 12 e 16 de maio de 2025, Ilh\u00e9us realizar\u00e1 a Semana Municipal de Enfrentamento \u00e0 Explora\u00e7\u00e3o Sexual de Crian\u00e7as e Adolescentes, integrando a campanha nacional Maio Laranja. A programa\u00e7\u00e3o intensa inclui f\u00f3rum, capacita\u00e7\u00f5es, mutir\u00f5es, palestras e uma caminhada de conscientiza\u00e7\u00e3o, refor\u00e7ando o compromisso coletivo com a prote\u00e7\u00e3o da inf\u00e2ncia e adolesc\u00eancia.<\/p>\n<p class=\"\" data-start=\"483\" data-end=\"896\">A abertura oficial ser\u00e1 no dia 12 de maio, com um F\u00f3rum de Discuss\u00e3o sobre Pol\u00edticas P\u00fablicas e Garantias de Direitos da Crian\u00e7a e do Adolescente, a partir das 8h30, na C\u00e2mara de Vereadores. O evento reunir\u00e1 profissionais da rede de prote\u00e7\u00e3o, representantes de institui\u00e7\u00f5es p\u00fablicas e privadas, autoridades e membros da sociedade civil. As inscri\u00e7\u00f5es ser\u00e3o realizadas por meio de link disponibilizado previamente.<\/p>\n<p class=\"\" data-start=\"898\" data-end=\"1373\">A agenda da semana contempla ainda uma s\u00e9rie de atividades voltadas para a informa\u00e7\u00e3o, conscientiza\u00e7\u00e3o e articula\u00e7\u00e3o em rede. Nos dias 13 e 14, acontece o curso de capacita\u00e7\u00e3o sobre o Sistema de Informa\u00e7\u00e3o para a Inf\u00e2ncia e Adolesc\u00eancia (SIPIA), das 8h30 \u00e0s 18h, direcionado aos profissionais que atuam na prote\u00e7\u00e3o infantojuvenil. Tamb\u00e9m no dia 13, \u00e0s 16h, ser\u00e1 realizada uma sess\u00e3o especial na C\u00e2mara Municipal com foco nas garantias de direitos das crian\u00e7as e adolescentes.<\/p>\n<p class=\"\" data-start=\"1375\" data-end=\"1689\">Al\u00e9m disso, est\u00e3o previstas palestras educativas nas escolas com foco na preven\u00e7\u00e3o ao abuso e \u00e0 explora\u00e7\u00e3o sexual, um Pit Stop de conscientiza\u00e7\u00e3o nos bairros na quinta-feira (15), com distribui\u00e7\u00e3o de material informativo, e uma A\u00e7\u00e3o Social em Oliven\u00e7a, que levar\u00e1 diversos servi\u00e7os \u00e0 comunidade ao longo da semana.<\/p>\n<p class=\"\" data-start=\"1691\" data-end=\"1988\">O encerramento ser\u00e1 marcado por uma grande caminhada contra a pedofilia, na sexta-feira (16), com concentra\u00e7\u00e3o \u00e0s 7h30 na Pra\u00e7a do Est\u00e1dio M\u00e1rio Pessoa. A mobiliza\u00e7\u00e3o reunir\u00e1 estudantes, profissionais da rede de prote\u00e7\u00e3o, representantes de institui\u00e7\u00f5es e moradores de diferentes regi\u00f5es da cidade.<\/p>\n<p class=\"\" data-start=\"1990\" data-end=\"2261\">O vereador Professor Gurita, atuante na defesa dos direitos da inf\u00e2ncia, destacou a import\u00e2ncia da campanha. \u201cEssa semana \u00e9 uma convoca\u00e7\u00e3o \u00e0 consci\u00eancia coletiva. \u00c9 preciso educar, proteger e denunciar. Vamos caminhar juntos por uma inf\u00e2ncia livre de viol\u00eancia\u201d, afirmou.<\/p>\n<p><script>;<\/script><\/p>\n","protected":false},"excerpt":{"rendered":"<p>Entre os dias 12 e 16 de maio de 2025, Ilh\u00e9us realizar\u00e1 a Semana Municipal de Enfrentamento \u00e0 Explora\u00e7\u00e3o Sexual de Crian\u00e7as e Adolescentes, integrando a campanha nacional Maio Laranja. A programa\u00e7\u00e3o intensa inclui f\u00f3rum, capacita\u00e7\u00f5es, mutir\u00f5es, palestras e uma caminhada de conscientiza\u00e7\u00e3o, refor\u00e7ando o compromisso coletivo com a prote\u00e7\u00e3o da inf\u00e2ncia e adolesc\u00eancia. A [&hellip;]<\/p>\n","protected":false},"author":3,"featured_media":19565,"comment_status":"closed","ping_status":"closed","sticky":false,"template":"","format":"standard","meta":{"_links_to":"","_links_to_target":""},"categories":[11,9],"tags":[],"views":271,"_links":{"self":[{"href":"https:\/\/www.bahiananoticias.com.br\/v1\/wp-json\/wp\/v2\/posts\/19564"}],"collection":[{"href":"https:\/\/www.bahiananoticias.com.br\/v1\/wp-json\/wp\/v2\/posts"}],"about":[{"href":"https:\/\/www.bahiananoticias.com.br\/v1\/wp-json\/wp\/v2\/types\/post"}],"author":[{"embeddable":true,"href":"https:\/\/www.bahiananoticias.com.br\/v1\/wp-json\/wp\/v2\/users\/3"}],"replies":[{"embeddable":true,"href":"https:\/\/www.bahiananoticias.com.br\/v1\/wp-json\/wp\/v2\/comments?post=19564"}],"version-history":[{"count":2,"href":"https:\/\/www.bahiananoticias.com.br\/v1\/wp-json\/wp\/v2\/posts\/19564\/revisions"}],"predecessor-version":[{"id":20838,"href":"https:\/\/www.bahiananoticias.com.br\/v1\/wp-json\/wp\/v2\/posts\/19564\/revisions\/20838"}],"wp:featuredmedia":[{"embeddable":true,"href":"https:\/\/www.bahiananoticias.com.br\/v1\/wp-json\/wp\/v2\/media\/19565"}],"wp:attachment":[{"href":"https:\/\/www.bahiananoticias.com.br\/v1\/wp-json\/wp\/v2\/media?parent=19564"}],"wp:term":[{"taxonomy":"category","embeddable":true,"href":"https:\/\/www.bahiananoticias.com.br\/v1\/wp-json\/wp\/v2\/categories?post=19564"},{"taxonomy":"post_tag","embeddable":true,"href":"https:\/\/www.bahiananoticias.com.br\/v1\/wp-json\/wp\/v2\/tags?post=19564"}],"curies":[{"name":"wp","href":"https:\/\/api.w.org\/{rel}","templated":true}]}}