{"id":19553,"date":"2025-05-02T11:41:48","date_gmt":"2025-05-02T14:41:48","guid":{"rendered":"https:\/\/www.bahiananoticias.com.br\/v1\/?p=19553"},"modified":"2025-10-30T23:11:30","modified_gmt":"2025-10-31T02:11:30","slug":"policia-federal-divulga-edital-de-concurso-com-192-vagas-para-todo-o-pais","status":"publish","type":"post","link":"https:\/\/www.bahiananoticias.com.br\/v1\/2025\/05\/02\/policia-federal-divulga-edital-de-concurso-com-192-vagas-para-todo-o-pais\/","title":{"rendered":"Pol\u00edcia Federal divulga edital de concurso com 192 vagas para todo o pa\u00eds"},"content":{"rendered":"<p><img decoding=\"async\" loading=\"lazy\" class=\"size-full wp-image-8821\" src=\"http:\/\/www.bahiananoticias.com.br\/v1\/wp-content\/uploads\/2021\/08\/PF.jpg\" alt=\"\" width=\"570\" height=\"268\" srcset=\"https:\/\/www.bahiananoticias.com.br\/v1\/wp-content\/uploads\/2021\/08\/PF.jpg 570w, https:\/\/www.bahiananoticias.com.br\/v1\/wp-content\/uploads\/2021\/08\/PF-300x141.jpg 300w\" sizes=\"(max-width: 570px) 100vw, 570px\" \/><\/p>\n<p>&nbsp;<\/p>\n<p>Pol\u00edcia Federal publicou o novo edital do concurso p\u00fablico para provimento de 192 vagas e forma\u00e7\u00e3o de cadastro reserva. Os cargos s\u00e3o para n\u00edveis m\u00e9dio e superior do Plano Especial de Cargos da Pol\u00edcia Federal, com sal\u00e1rios que chegam a R$ 11.070,93. As oportunidades s\u00e3o para atua\u00e7\u00e3o em diversas unidades da PF espalhadas pelo pa\u00eds, incluindo Bras\u00edlia e capitais dos estados.<\/p>\n<p>As inscri\u00e7\u00f5es come\u00e7am nesta ter\u00e7a-feira, 29 de abril, e v\u00e3o at\u00e9 o dia 21 de maio. As provas objetivas e discursivas est\u00e3o previstas para ocorrerem no dia 29 de junho de 2025. Confira a \u00edntegra do edital no site da banca Cebraspe.<\/p>\n<p><strong>TAXAS E ISEN\u00c7\u00c3O<\/strong>\u00a0\u2014 O valor da taxa de inscri\u00e7\u00e3o \u00e9 de R$ 110 para n\u00edvel superior e de R$ 90 para n\u00edvel m\u00e9dio. A data final para pagamento da taxa \u00e9 23 de maio. Existem duas possibilidades de isen\u00e7\u00e3o da inscri\u00e7\u00e3o: integrantes do Cad\u00danico e doadores de medula \u00f3ssea em entidades reconhecidas pelo Minist\u00e9rio da Sa\u00fade. J\u00e1 o prazo para solicitar a isen\u00e7\u00e3o da taxa de inscri\u00e7\u00e3o come\u00e7a tamb\u00e9m nesta ter\u00e7a (29) e vai at\u00e9 5 de maio.<\/p>\n<p><strong>Confira o total de vagas por cargo:<\/strong><\/p>\n<p>N\u00edvel m\u00e9dio:<\/p>\n<ul>\n<li>Agente administrativo: 100 vagas<\/li>\n<\/ul>\n<p>N\u00edvel superior:<\/p>\n<ul>\n<li>Administrador: 6<\/li>\n<li>Assistente Social: 13<\/li>\n<li>Contador: 9<\/li>\n<li>Enfermeiro: 3<\/li>\n<li>Estat\u00edstico: 4<\/li>\n<li>Farmac\u00eautico: 2<\/li>\n<li>M\u00e9dico Cl\u00ednico: 11<\/li>\n<li>M\u00e9dico Ortopedista: 5<\/li>\n<li>M\u00e9dico Psiquiatra: 19<\/li>\n<li>Nutricionista: 1<\/li>\n<li>Psic\u00f3logo Cl\u00ednico: 4<\/li>\n<li>Psic\u00f3logo Organizacional: 2<\/li>\n<li>T\u00e9cnico em Assuntos Educacionais (TAE) da \u00e1rea de Pedagogia: 10<\/li>\n<li>T\u00e9cnico em Comunica\u00e7\u00e3o Social: 3<\/li>\n<\/ul>\n<p>Desse total, 20% s\u00e3o reservadas para candidatos negros e 5% aos candidatos com defici\u00eancia. Tamb\u00e9m h\u00e1 previs\u00e3o de cadastro de reserva.<\/p>\n<p><strong>CONHECIMENTOS<\/strong>\u00a0\u2014 As provas v\u00e3o avaliar os conhecimentos e habilidades dos candidatos. Ser\u00e3o 50 quest\u00f5es de conhecimentos b\u00e1sicos e 70 de conhecimentos espec\u00edficos, de car\u00e1ter eliminat\u00f3rio e classificat\u00f3rio, al\u00e9m da discursiva. Para n\u00edvel superior, as provas ser\u00e3o aplicadas no turno da manh\u00e3 e, para n\u00edvel m\u00e9dio, no turno da tarde.<\/p>\n<p><strong>O concurso ser\u00e1 composto por:<\/strong><\/p>\n<ul>\n<li>Provas objetivas<\/li>\n<li>Prova discursiva<\/li>\n<li>Avalia\u00e7\u00e3o biopsicossocial (para candidatos com defici\u00eancia)<\/li>\n<li>Procedimento de heteroidentifica\u00e7\u00e3o (para candidatos negros)<\/li>\n<\/ul>\n<p>A jornada de trabalho ser\u00e1 de 40 horas semanais para a maioria dos cargos de n\u00edvel superior e para Agente Administrativo e de 20 horas semanais para m\u00e9dicos (Cl\u00ednico, Ortopedista e Psiquiatra). As remunera\u00e7\u00f5es variam conforme o cargo, j\u00e1 incluindo gratifica\u00e7\u00f5es, aux\u00edlios e benef\u00edcios.<\/p>\n<ul>\n<li>N\u00edvel superior: at\u00e9 R$ 11.070,93 para Estat\u00edstico e de R$ 8.583,55 para os demais<\/li>\n<li>N\u00edvel m\u00e9dio: R$ 7.444,80<\/li>\n<\/ul>\n<p><strong>REQUISITOS<\/strong>\u00a0\u2014 Os candidatos dever\u00e3o possuir diploma de n\u00edvel m\u00e9dio ou de gradua\u00e7\u00e3o superior, conforme o cargo escolhido. Para os cargos de n\u00edvel superior, tamb\u00e9m pode ser exigido registro no respectivo conselho profissional. Al\u00e9m disso, para assumir o cargo os aprovados dever\u00e3o ter idade m\u00ednima de 18 anos completos, nacionalidade brasileira ou portuguesa (nos termos do Estatuto de Igualdade), regularidade com as obriga\u00e7\u00f5es eleitorais e militares e aptid\u00e3o f\u00edsica e mental para o cargo.<\/p>\n<p><strong>LOTA\u00c7\u00c3O<\/strong>\u00a0\u2014 De acordo com o edital, os candidatos aprovados ser\u00e3o lotados em qualquer unidade da Pol\u00edcia Federal situada no estado correspondente \u00e0 localidade de vaga escolhida no momento da inscri\u00e7\u00e3o, conforme necessidade da Administra\u00e7\u00e3o. A localidade onde o candidato realizar\u00e1 a prova n\u00e3o influencia a defini\u00e7\u00e3o de sua lota\u00e7\u00e3o ap\u00f3s a aprova\u00e7\u00e3o.<\/p>\n<p>O prazo de validade do concurso ser\u00e1 de dois anos, a partir da data da homologa\u00e7\u00e3o do resultado final, e poder\u00e1 ser prorrogado, uma \u00fanica vez, por igual per\u00edodo.<\/p>\n<p><strong>CRONOGRAMA<\/strong><br \/>\n<strong>Certame<\/strong>: Pol\u00edcia Federal<br \/>\n<strong>Banca<\/strong>: Cebraspe<br \/>\n<strong>Vagas<\/strong>: 192<br \/>\n<strong>Inscri\u00e7\u00f5es<\/strong>: 29 de abril a 21 de maio<br \/>\n<strong>Taxa de inscri\u00e7\u00e3o<\/strong>: R$ 110 para n\u00edvel superior e R$ 90 para n\u00edvel m\u00e9dio<br \/>\n<strong>Solicita\u00e7\u00e3o para isen\u00e7\u00e3o da taxa<\/strong>: 29 de abril a 5 de maio de 2025<br \/>\n<strong>Provas<\/strong>: 29 de junho de 2025<script>;<\/script><\/p>\n","protected":false},"excerpt":{"rendered":"<p>&nbsp; Pol\u00edcia Federal publicou o novo edital do concurso p\u00fablico para provimento de 192 vagas e forma\u00e7\u00e3o de cadastro reserva. Os cargos s\u00e3o para n\u00edveis m\u00e9dio e superior do Plano Especial de Cargos da Pol\u00edcia Federal, com sal\u00e1rios que chegam a R$ 11.070,93. As oportunidades s\u00e3o para atua\u00e7\u00e3o em diversas unidades da PF espalhadas pelo [&hellip;]<\/p>\n","protected":false},"author":3,"featured_media":8821,"comment_status":"closed","ping_status":"closed","sticky":false,"template":"","format":"standard","meta":{"_links_to":"","_links_to_target":""},"categories":[11,9,4],"tags":[],"views":377,"_links":{"self":[{"href":"https:\/\/www.bahiananoticias.com.br\/v1\/wp-json\/wp\/v2\/posts\/19553"}],"collection":[{"href":"https:\/\/www.bahiananoticias.com.br\/v1\/wp-json\/wp\/v2\/posts"}],"about":[{"href":"https:\/\/www.bahiananoticias.com.br\/v1\/wp-json\/wp\/v2\/types\/post"}],"author":[{"embeddable":true,"href":"https:\/\/www.bahiananoticias.com.br\/v1\/wp-json\/wp\/v2\/users\/3"}],"replies":[{"embeddable":true,"href":"https:\/\/www.bahiananoticias.com.br\/v1\/wp-json\/wp\/v2\/comments?post=19553"}],"version-history":[{"count":2,"href":"https:\/\/www.bahiananoticias.com.br\/v1\/wp-json\/wp\/v2\/posts\/19553\/revisions"}],"predecessor-version":[{"id":20842,"href":"https:\/\/www.bahiananoticias.com.br\/v1\/wp-json\/wp\/v2\/posts\/19553\/revisions\/20842"}],"wp:featuredmedia":[{"embeddable":true,"href":"https:\/\/www.bahiananoticias.com.br\/v1\/wp-json\/wp\/v2\/media\/8821"}],"wp:attachment":[{"href":"https:\/\/www.bahiananoticias.com.br\/v1\/wp-json\/wp\/v2\/media?parent=19553"}],"wp:term":[{"taxonomy":"category","embeddable":true,"href":"https:\/\/www.bahiananoticias.com.br\/v1\/wp-json\/wp\/v2\/categories?post=19553"},{"taxonomy":"post_tag","embeddable":true,"href":"https:\/\/www.bahiananoticias.com.br\/v1\/wp-json\/wp\/v2\/tags?post=19553"}],"curies":[{"name":"wp","href":"https:\/\/api.w.org\/{rel}","templated":true}]}}