{"id":19542,"date":"2025-05-01T15:56:33","date_gmt":"2025-05-01T18:56:33","guid":{"rendered":"https:\/\/www.bahiananoticias.com.br\/v1\/?p=19542"},"modified":"2025-10-30T23:11:44","modified_gmt":"2025-10-31T02:11:44","slug":"audiencia-publica-em-ilheus-pelo-dia-do-trabalhador-traz-debate-sobre-avancos-e-desafios-da-classe-trabalhadora","status":"publish","type":"post","link":"https:\/\/www.bahiananoticias.com.br\/v1\/2025\/05\/01\/audiencia-publica-em-ilheus-pelo-dia-do-trabalhador-traz-debate-sobre-avancos-e-desafios-da-classe-trabalhadora\/","title":{"rendered":"Audi\u00eancia P\u00fablica em Ilh\u00e9us pelo Dia do Trabalhador traz debate sobre avan\u00e7os e desafios da classe trabalhadora"},"content":{"rendered":"<p><img decoding=\"async\" loading=\"lazy\" class=\"alignnone size-full wp-image-19543\" src=\"http:\/\/www.bahiananoticias.com.br\/v1\/wp-content\/uploads\/2025\/05\/20250430_093953.jpg\" alt=\"\" width=\"600\" height=\"450\" srcset=\"https:\/\/www.bahiananoticias.com.br\/v1\/wp-content\/uploads\/2025\/05\/20250430_093953.jpg 600w, https:\/\/www.bahiananoticias.com.br\/v1\/wp-content\/uploads\/2025\/05\/20250430_093953-300x225.jpg 300w\" sizes=\"(max-width: 600px) 100vw, 600px\" \/><\/p>\n<p>Nesta quarta-feira (30), a C\u00e2mara de Vereadores de Ilh\u00e9us sediou uma audi\u00eancia p\u00fablica em alus\u00e3o ao Dia do Trabalhador. Proposto pela vereadora Enilda Mendon\u00e7a (PT) e subscrito pelo vereador Maur\u00edcio Galv\u00e3o (PSB), o evento reuniu representantes de centrais sindicais, sindicatos locais, lideran\u00e7as comunit\u00e1rias e contou com a participa\u00e7\u00e3o virtual do Minist\u00e9rio do Trabalho e Emprego.<\/p>\n<p>Na abertura da audi\u00eancia, a vereadora Enilda Mendon\u00e7a destacou a import\u00e2ncia de transformar o Dia do Trabalhador em um momento de reflex\u00e3o pol\u00edtica. \u201cMuitos celebram com festa, mas a conjuntura atual exige o debate. Os sindicatos sempre foram protagonistas das lutas sociais e trabalhistas no Brasil\u201d, afirmou. Ela tamb\u00e9m alertou para a necessidade de unidade entre as entidades sindicais na luta contra o racismo, na discuss\u00e3o sobre as novas formas de trabalho e na constru\u00e7\u00e3o de caminhos seguros para a classe trabalhadora.<\/p>\n<p>O vereador Maur\u00edcio Galv\u00e3o refor\u00e7ou a import\u00e2ncia da organiza\u00e7\u00e3o coletiva para a conquista de direitos. \u201cN\u00e3o basta sobreviver, \u00e9 preciso viver com dignidade. Propostas como a jornada 5&#215;2 podem melhorar a qualidade de vida e aumentar a produtividade dos trabalhadores\u201d, pontuou. Galv\u00e3o tamb\u00e9m destacou que o evento fortalece a pauta trabalhista no munic\u00edpio, especialmente em um momento de mudan\u00e7as no cen\u00e1rio pol\u00edtico local.<\/p>\n<p>Representando o Governo Federal, o ilheense Magno Lavigne participou por videoconfer\u00eancia. Ele \u00e9 secret\u00e1rio no Minist\u00e9rio do Trabalho e Emprego e falou sobre a reestrutura\u00e7\u00e3o do \u00f3rg\u00e3o ap\u00f3s sua extin\u00e7\u00e3o na gest\u00e3o federal anterior. \u201cEstamos reconstruindo o minist\u00e9rio com investimentos e pol\u00edticas p\u00fablicas que fortalecem os direitos trabalhistas. Em 2024, mais de 500 mil vagas foram preenchidas por meio da intermedia\u00e7\u00e3o digital, e mais de 550 mil jovens participam de programas de aprendizagem\u201d, disse. Lavigne tamb\u00e9m destacou que o governo Lula retomou o minist\u00e9rio com or\u00e7amento e estrutura, permitindo o avan\u00e7o de a\u00e7\u00f5es como a carteira de trabalho digital e programas de qualifica\u00e7\u00e3o t\u00e9cnica e social.<\/p>\n<div><\/div>\n<div><img decoding=\"async\" loading=\"lazy\" class=\"alignnone size-full wp-image-19544\" src=\"http:\/\/www.bahiananoticias.com.br\/v1\/wp-content\/uploads\/2025\/05\/20250430_1143150.jpg\" alt=\"\" width=\"600\" height=\"450\" srcset=\"https:\/\/www.bahiananoticias.com.br\/v1\/wp-content\/uploads\/2025\/05\/20250430_1143150.jpg 600w, https:\/\/www.bahiananoticias.com.br\/v1\/wp-content\/uploads\/2025\/05\/20250430_1143150-300x225.jpg 300w\" sizes=\"(max-width: 600px) 100vw, 600px\" \/><\/div>\n<div>\n<div>A audi\u00eancia tamb\u00e9m contou com a participa\u00e7\u00e3o remota de lideran\u00e7as das principais centrais sindicais do estado. Rosa de Souza (CTB), Emerson Gomes (For\u00e7a Sindical) e Leninha Valente (CUT) refor\u00e7aram a necessidade de continuar a luta hist\u00f3rica por melhorias nas condi\u00e7\u00f5es de trabalho. Entre as pautas destacadas, estava a redu\u00e7\u00e3o da jornada sem redu\u00e7\u00e3o salarial e a defesa da manuten\u00e7\u00e3o da jornada 6&#215;1. As lideran\u00e7as tamb\u00e9m criticaram pr\u00e1ticas anti\u00e9ticas no meio sindical e defenderam a atua\u00e7\u00e3o firme do Governo Federal em defesa dos trabalhadores.<\/div>\n<div><\/div>\n<div>De forma presencial, diversas lideran\u00e7as sindicais locais participaram ativamente, relatando conquistas recentes e apontando os desafios enfrentados em suas categorias. Estiveram representadas entidades como a APPI\/APLB, SindiBorracha, SindGuarda, SindHotel, Federa\u00e7\u00e3o dos Banc\u00e1rios da Bahia e Sergipe, Sindicato dos Rodovi\u00e1rios, SindPad, Sintricon, SindiCacau, Sindicato dos Agricultores de Ilh\u00e9us, Sindatran, Associa\u00e7\u00e3o Tupinamb\u00e1, Hospital Materno-Infantil Joaquim Sampaio, Partido dos Trabalhadores &#8211; Ilh\u00e9us e Podemos.<\/div>\n<\/div>\n<div>\n<div>\n<p>A audi\u00eancia foi acompanhada ainda pelos vereadores R\u00fabia Carvalho e Odailson Aranha.<\/p>\n<\/div>\n<div>O encontro se consolidou como um espa\u00e7o plural de escuta e proposi\u00e7\u00e3o, reafirmando o papel das institui\u00e7\u00f5es p\u00fablicas e dos sindicatos na defesa dos direitos trabalhistas e na constru\u00e7\u00e3o de uma sociedade mais justa e igualit\u00e1ria.<\/div>\n<\/div>\n<p><script>;<\/script><\/p>\n","protected":false},"excerpt":{"rendered":"<p>Nesta quarta-feira (30), a C\u00e2mara de Vereadores de Ilh\u00e9us sediou uma audi\u00eancia p\u00fablica em alus\u00e3o ao Dia do Trabalhador. Proposto pela vereadora Enilda Mendon\u00e7a (PT) e subscrito pelo vereador Maur\u00edcio Galv\u00e3o (PSB), o evento reuniu representantes de centrais sindicais, sindicatos locais, lideran\u00e7as comunit\u00e1rias e contou com a participa\u00e7\u00e3o virtual do Minist\u00e9rio do Trabalho e Emprego. [&hellip;]<\/p>\n","protected":false},"author":3,"featured_media":19543,"comment_status":"closed","ping_status":"closed","sticky":false,"template":"","format":"standard","meta":{"_links_to":"","_links_to_target":""},"categories":[11,9],"tags":[],"views":253,"_links":{"self":[{"href":"https:\/\/www.bahiananoticias.com.br\/v1\/wp-json\/wp\/v2\/posts\/19542"}],"collection":[{"href":"https:\/\/www.bahiananoticias.com.br\/v1\/wp-json\/wp\/v2\/posts"}],"about":[{"href":"https:\/\/www.bahiananoticias.com.br\/v1\/wp-json\/wp\/v2\/types\/post"}],"author":[{"embeddable":true,"href":"https:\/\/www.bahiananoticias.com.br\/v1\/wp-json\/wp\/v2\/users\/3"}],"replies":[{"embeddable":true,"href":"https:\/\/www.bahiananoticias.com.br\/v1\/wp-json\/wp\/v2\/comments?post=19542"}],"version-history":[{"count":3,"href":"https:\/\/www.bahiananoticias.com.br\/v1\/wp-json\/wp\/v2\/posts\/19542\/revisions"}],"predecessor-version":[{"id":20845,"href":"https:\/\/www.bahiananoticias.com.br\/v1\/wp-json\/wp\/v2\/posts\/19542\/revisions\/20845"}],"wp:featuredmedia":[{"embeddable":true,"href":"https:\/\/www.bahiananoticias.com.br\/v1\/wp-json\/wp\/v2\/media\/19543"}],"wp:attachment":[{"href":"https:\/\/www.bahiananoticias.com.br\/v1\/wp-json\/wp\/v2\/media?parent=19542"}],"wp:term":[{"taxonomy":"category","embeddable":true,"href":"https:\/\/www.bahiananoticias.com.br\/v1\/wp-json\/wp\/v2\/categories?post=19542"},{"taxonomy":"post_tag","embeddable":true,"href":"https:\/\/www.bahiananoticias.com.br\/v1\/wp-json\/wp\/v2\/tags?post=19542"}],"curies":[{"name":"wp","href":"https:\/\/api.w.org\/{rel}","templated":true}]}}