{"id":19522,"date":"2025-04-29T16:45:29","date_gmt":"2025-04-29T19:45:29","guid":{"rendered":"https:\/\/www.bahiananoticias.com.br\/v1\/?p=19522"},"modified":"2025-10-30T23:12:09","modified_gmt":"2025-10-31T02:12:09","slug":"jamesson-araujo-anuncia-desligamento-do-grupo-politico-do-vereador-mauricio-galvao-psb","status":"publish","type":"post","link":"https:\/\/www.bahiananoticias.com.br\/v1\/2025\/04\/29\/jamesson-araujo-anuncia-desligamento-do-grupo-politico-do-vereador-mauricio-galvao-psb\/","title":{"rendered":"Jamesson Ara\u00fajo anuncia desligamento do grupo pol\u00edtico do vereador Maur\u00edcio Galv\u00e3o (PSB)"},"content":{"rendered":"<p><img decoding=\"async\" loading=\"lazy\" class=\"alignnone size-full wp-image-19523\" src=\"http:\/\/www.bahiananoticias.com.br\/v1\/wp-content\/uploads\/2025\/04\/51d1495b-5f07-4633-a63d-b374230927f2.jpg\" alt=\"\" width=\"550\" height=\"500\" srcset=\"https:\/\/www.bahiananoticias.com.br\/v1\/wp-content\/uploads\/2025\/04\/51d1495b-5f07-4633-a63d-b374230927f2.jpg 550w, https:\/\/www.bahiananoticias.com.br\/v1\/wp-content\/uploads\/2025\/04\/51d1495b-5f07-4633-a63d-b374230927f2-300x273.jpg 300w\" sizes=\"(max-width: 550px) 100vw, 550px\" \/><\/p>\n<p>O jornalista Jamesson Ara\u00fajo, editor do Blog Agravo e integrante do Podcast Super Blogs, comunicou oficialmente seu desligamento do grupo pol\u00edtico do vereador Maur\u00edcio Galv\u00e3o (PSB).<\/p>\n<p>Vinculado \u00e0 equipe desde 2020, Jamesson destacou que a decis\u00e3o foi tomada devido \u00e0 incompatibilidade entre suas atividades profissionais e o apoio pol\u00edtico ao parlamentar.<\/p>\n<p>Em nota, ele afirmou:<\/p>\n<p>&#8220;Agrade\u00e7o ao vereador Maur\u00edcio Galv\u00e3o pela oportunidade de integrar seu grupo pol\u00edtico, que desde 2020 trabalhou intensamente para lev\u00e1-lo ao Legislativo ilheense. Neste momento, sigo em nova dire\u00e7\u00e3o, mas desejo toda sorte ao vereador, cujo futuro na pol\u00edtica certamente ser\u00e1 promissor.&#8221;<\/p>\n<p>Jamesson refor\u00e7ou que mant\u00e9m respeito e admira\u00e7\u00e3o pelo trabalho do edil e encerrou sua participa\u00e7\u00e3o no grupo de maneira cordial e transparente.<script>;<\/script><\/p>\n","protected":false},"excerpt":{"rendered":"<p>O jornalista Jamesson Ara\u00fajo, editor do Blog Agravo e integrante do Podcast Super Blogs, comunicou oficialmente seu desligamento do grupo pol\u00edtico do vereador Maur\u00edcio Galv\u00e3o (PSB). Vinculado \u00e0 equipe desde 2020, Jamesson destacou que a decis\u00e3o foi tomada devido \u00e0 incompatibilidade entre suas atividades profissionais e o apoio pol\u00edtico ao parlamentar. Em nota, ele afirmou: [&hellip;]<\/p>\n","protected":false},"author":3,"featured_media":19523,"comment_status":"closed","ping_status":"closed","sticky":false,"template":"","format":"standard","meta":{"_links_to":"","_links_to_target":""},"categories":[11,9,6],"tags":[],"views":228,"_links":{"self":[{"href":"https:\/\/www.bahiananoticias.com.br\/v1\/wp-json\/wp\/v2\/posts\/19522"}],"collection":[{"href":"https:\/\/www.bahiananoticias.com.br\/v1\/wp-json\/wp\/v2\/posts"}],"about":[{"href":"https:\/\/www.bahiananoticias.com.br\/v1\/wp-json\/wp\/v2\/types\/post"}],"author":[{"embeddable":true,"href":"https:\/\/www.bahiananoticias.com.br\/v1\/wp-json\/wp\/v2\/users\/3"}],"replies":[{"embeddable":true,"href":"https:\/\/www.bahiananoticias.com.br\/v1\/wp-json\/wp\/v2\/comments?post=19522"}],"version-history":[{"count":2,"href":"https:\/\/www.bahiananoticias.com.br\/v1\/wp-json\/wp\/v2\/posts\/19522\/revisions"}],"predecessor-version":[{"id":20850,"href":"https:\/\/www.bahiananoticias.com.br\/v1\/wp-json\/wp\/v2\/posts\/19522\/revisions\/20850"}],"wp:featuredmedia":[{"embeddable":true,"href":"https:\/\/www.bahiananoticias.com.br\/v1\/wp-json\/wp\/v2\/media\/19523"}],"wp:attachment":[{"href":"https:\/\/www.bahiananoticias.com.br\/v1\/wp-json\/wp\/v2\/media?parent=19522"}],"wp:term":[{"taxonomy":"category","embeddable":true,"href":"https:\/\/www.bahiananoticias.com.br\/v1\/wp-json\/wp\/v2\/categories?post=19522"},{"taxonomy":"post_tag","embeddable":true,"href":"https:\/\/www.bahiananoticias.com.br\/v1\/wp-json\/wp\/v2\/tags?post=19522"}],"curies":[{"name":"wp","href":"https:\/\/api.w.org\/{rel}","templated":true}]}}