{"id":19440,"date":"2025-04-15T12:32:53","date_gmt":"2025-04-15T15:32:53","guid":{"rendered":"https:\/\/www.bahiananoticias.com.br\/v1\/?p=19440"},"modified":"2025-10-30T23:14:44","modified_gmt":"2025-10-31T02:14:44","slug":"samu-de-ilheus-realiza-primeira-operacao-com-suporte-aeromedico","status":"publish","type":"post","link":"https:\/\/www.bahiananoticias.com.br\/v1\/2025\/04\/15\/samu-de-ilheus-realiza-primeira-operacao-com-suporte-aeromedico\/","title":{"rendered":"SAMU de Ilh\u00e9us realiza primeira opera\u00e7\u00e3o com suporte aerom\u00e9dico"},"content":{"rendered":"<p><img decoding=\"async\" loading=\"lazy\" class=\"alignnone size-full wp-image-19441\" src=\"http:\/\/www.bahiananoticias.com.br\/v1\/wp-content\/uploads\/2025\/04\/0C1DA136-EC7E-C64C-CBAE-EB6768AE3BC8.jpeg\" alt=\"\" width=\"600\" height=\"450\" srcset=\"https:\/\/www.bahiananoticias.com.br\/v1\/wp-content\/uploads\/2025\/04\/0C1DA136-EC7E-C64C-CBAE-EB6768AE3BC8.jpeg 600w, https:\/\/www.bahiananoticias.com.br\/v1\/wp-content\/uploads\/2025\/04\/0C1DA136-EC7E-C64C-CBAE-EB6768AE3BC8-300x225.jpeg 300w\" sizes=\"(max-width: 600px) 100vw, 600px\" \/><\/p>\n<p>O Servi\u00e7o de Atendimento M\u00f3vel de Urg\u00eancia (SAMU) de Ilh\u00e9us realizou, nesta segunda-feira (14), a primeira opera\u00e7\u00e3o com suporte aerom\u00e9dico na regi\u00e3o sul da Bahia. A a\u00e7\u00e3o, in\u00e9dita, \u00e9 fruto de uma parceria com o Grupamento de Opera\u00e7\u00f5es A\u00e9reas (GOA) do Corpo de Bombeiros da Bahia, sediado em Salvador, e marca um novo momento no atendimento pr\u00e9-hospitalar de urg\u00eancia na regional que engloba 11 munic\u00edpios, incluindo Ilh\u00e9us.<\/p>\n<p>A estreia do servi\u00e7o ocorreu ap\u00f3s um grave acidente automobil\u00edstico na cidade de Gandu, onde quatro v\u00edtimas foram resgatadas, duas delas em estado grave. O helic\u00f3ptero do GOA pousou no est\u00e1dio municipal da cidade, onde foi montada uma base emergencial com estrutura m\u00e9dica para estabiliza\u00e7\u00e3o dos pacientes. As v\u00edtimas foram transferidas para o Hospital Prado Valadares, em Jequi\u00e9, por uma quest\u00e3o estrat\u00e9gica de log\u00edstica.<\/p>\n<p>\u201cEsse era um sonho antigo do nosso SAMU. Estou h\u00e1 12 anos na institui\u00e7\u00e3o e ver isso se concretizar \u00e9 uma grande conquista para toda a regi\u00e3o. Agora temos acesso a um suporte fundamental para salvar vidas em situa\u00e7\u00f5es cr\u00edticas\u201d, afirmou o diretor do SAMU de Ilh\u00e9us, Dr. Jonatas Pinto.<\/p>\n<p>O servi\u00e7o aerom\u00e9dico est\u00e1 dispon\u00edvel para todos os munic\u00edpios da regional de Ilh\u00e9us. A equipe do GOA \u00e9 composta por militares do Corpo de Bombeiros e profissionais de sa\u00fade do SAMU de Salvador, por meio de articula\u00e7\u00e3o com o coordenador estadual do SAMU, Dr. Ivan Paiva.<\/p>\n<p>Al\u00e9m de comemorar a primeira opera\u00e7\u00e3o bem-sucedida, o munic\u00edpio j\u00e1 projeta novos avan\u00e7os. De acordo com Dr. Jonatas, existe o plano de criar uma base pr\u00f3pria de atendimento aerom\u00e9dico em Ilh\u00e9us, com equipe fixa e, futuramente, at\u00e9 uma aeronave exclusiva para a regi\u00e3o.<\/p>\n<p>O prefeito de Ilh\u00e9us, Valderico J\u00fanior, \u00e9 um dos principais articuladores para o fortalecimento do SAMU na cidade. Foi por meio de sua atua\u00e7\u00e3o junto ao Governo do Estado que a parceria com o GOA e com o SAMU de Salvador foi viabilizada. \u201cO prefeito tem sido um grande aliado nesse processo. Ele est\u00e1 \u00e0 frente das negocia\u00e7\u00f5es para ampliar nossa estrutura e garantir que tenhamos, em breve, um servi\u00e7o aerom\u00e9dico totalmente sediado aqui\u201d, destacou o diretor do SAMU.<\/p>\n<p>A chegada do servi\u00e7o representa um salto de qualidade na assist\u00eancia em sa\u00fade de urg\u00eancia para os moradores de Ilh\u00e9us e dos munic\u00edpios vizinhos, refor\u00e7ando o compromisso da gest\u00e3o municipal com o cuidado e a vida.<script>;<\/script><\/p>\n","protected":false},"excerpt":{"rendered":"<p>O Servi\u00e7o de Atendimento M\u00f3vel de Urg\u00eancia (SAMU) de Ilh\u00e9us realizou, nesta segunda-feira (14), a primeira opera\u00e7\u00e3o com suporte aerom\u00e9dico na regi\u00e3o sul da Bahia. A a\u00e7\u00e3o, in\u00e9dita, \u00e9 fruto de uma parceria com o Grupamento de Opera\u00e7\u00f5es A\u00e9reas (GOA) do Corpo de Bombeiros da Bahia, sediado em Salvador, e marca um novo momento no [&hellip;]<\/p>\n","protected":false},"author":3,"featured_media":19441,"comment_status":"closed","ping_status":"closed","sticky":false,"template":"","format":"standard","meta":{"_links_to":"","_links_to_target":""},"categories":[11,9],"tags":[],"views":346,"_links":{"self":[{"href":"https:\/\/www.bahiananoticias.com.br\/v1\/wp-json\/wp\/v2\/posts\/19440"}],"collection":[{"href":"https:\/\/www.bahiananoticias.com.br\/v1\/wp-json\/wp\/v2\/posts"}],"about":[{"href":"https:\/\/www.bahiananoticias.com.br\/v1\/wp-json\/wp\/v2\/types\/post"}],"author":[{"embeddable":true,"href":"https:\/\/www.bahiananoticias.com.br\/v1\/wp-json\/wp\/v2\/users\/3"}],"replies":[{"embeddable":true,"href":"https:\/\/www.bahiananoticias.com.br\/v1\/wp-json\/wp\/v2\/comments?post=19440"}],"version-history":[{"count":2,"href":"https:\/\/www.bahiananoticias.com.br\/v1\/wp-json\/wp\/v2\/posts\/19440\/revisions"}],"predecessor-version":[{"id":20881,"href":"https:\/\/www.bahiananoticias.com.br\/v1\/wp-json\/wp\/v2\/posts\/19440\/revisions\/20881"}],"wp:featuredmedia":[{"embeddable":true,"href":"https:\/\/www.bahiananoticias.com.br\/v1\/wp-json\/wp\/v2\/media\/19441"}],"wp:attachment":[{"href":"https:\/\/www.bahiananoticias.com.br\/v1\/wp-json\/wp\/v2\/media?parent=19440"}],"wp:term":[{"taxonomy":"category","embeddable":true,"href":"https:\/\/www.bahiananoticias.com.br\/v1\/wp-json\/wp\/v2\/categories?post=19440"},{"taxonomy":"post_tag","embeddable":true,"href":"https:\/\/www.bahiananoticias.com.br\/v1\/wp-json\/wp\/v2\/tags?post=19440"}],"curies":[{"name":"wp","href":"https:\/\/api.w.org\/{rel}","templated":true}]}}