{"id":19435,"date":"2025-04-14T16:38:06","date_gmt":"2025-04-14T19:38:06","guid":{"rendered":"https:\/\/www.bahiananoticias.com.br\/v1\/?p=19435"},"modified":"2025-10-30T23:14:49","modified_gmt":"2025-10-31T02:14:49","slug":"vereador-cesar-porto-solicita-requalificacao-da-praca-central-de-olivenca","status":"publish","type":"post","link":"https:\/\/www.bahiananoticias.com.br\/v1\/2025\/04\/14\/vereador-cesar-porto-solicita-requalificacao-da-praca-central-de-olivenca\/","title":{"rendered":"Vereador C\u00e9sar Porto solicita requalifica\u00e7\u00e3o da Pra\u00e7a Central de Oliven\u00e7a"},"content":{"rendered":"<p><img decoding=\"async\" loading=\"lazy\" class=\"alignnone size-full wp-image-19436\" src=\"http:\/\/www.bahiananoticias.com.br\/v1\/wp-content\/uploads\/2025\/04\/IMG-20250414-WA0248.jpg\" alt=\"\" width=\"600\" height=\"400\" srcset=\"https:\/\/www.bahiananoticias.com.br\/v1\/wp-content\/uploads\/2025\/04\/IMG-20250414-WA0248.jpg 600w, https:\/\/www.bahiananoticias.com.br\/v1\/wp-content\/uploads\/2025\/04\/IMG-20250414-WA0248-300x200.jpg 300w\" sizes=\"(max-width: 600px) 100vw, 600px\" \/><\/p>\n<div class=\"\" data-block=\"true\" data-editor=\"2ke\" data-offset-key=\"4nho7-0-0\">\n<div class=\"_1mf _1mj\" data-offset-key=\"4nho7-0-0\"><span data-offset-key=\"4nho7-0-0\">O vereador C\u00e9sar Porto (PP) protocolou o requerimento n\u00ba 255\/2025, solicitando, em car\u00e1ter de urg\u00eancia, que a Prefeitura de Ilh\u00e9us e as secretarias competentes providenciem a requalifica\u00e7\u00e3o completa da Pra\u00e7a Central de Oliven\u00e7a, localizada na zona sul do munic\u00edpio.<\/span><\/div>\n<\/div>\n<div class=\"\" data-block=\"true\" data-editor=\"2ke\" data-offset-key=\"fqfmq-0-0\">\n<div class=\"_1mf _1mj\" data-offset-key=\"fqfmq-0-0\"><span data-offset-key=\"fqfmq-0-0\">\u00a0<\/span><\/div>\n<\/div>\n<div class=\"\" data-block=\"true\" data-editor=\"2ke\" data-offset-key=\"5lupa-0-0\">\n<div class=\"_1mf _1mj\" data-offset-key=\"5lupa-0-0\"><span data-offset-key=\"5lupa-0-0\">Segundo o parlamentar, o espa\u00e7o est\u00e1 em situa\u00e7\u00e3o de abandono, o que contrasta com a import\u00e2ncia hist\u00f3rica e tur\u00edstica da regi\u00e3o. \u201cA Pra\u00e7a precisa ser revitalizada com urg\u00eancia. Oliven\u00e7a \u00e9 um bairro tur\u00edstico e o local fica em frente a uma das igrejas mais antigas do Brasil, datada de 1700, al\u00e9m de abrigar uma Est\u00e2ncia Hidromineral\u201d, destacou C\u00e9sar Porto.<\/span><\/div>\n<\/div>\n<div class=\"\" data-block=\"true\" data-editor=\"2ke\" data-offset-key=\"7635v-0-0\">\n<div class=\"_1mf _1mj\" data-offset-key=\"7635v-0-0\"><span data-offset-key=\"7635v-0-0\">\u00a0<\/span><\/div>\n<\/div>\n<div class=\"\" data-block=\"true\" data-editor=\"2ke\" data-offset-key=\"8kaij-0-0\">\n<div class=\"_1mf _1mj\" data-offset-key=\"8kaij-0-0\"><\/div>\n<\/div>\n<p><img decoding=\"async\" loading=\"lazy\" class=\"alignnone size-full wp-image-19043\" src=\"http:\/\/www.bahiananoticias.com.br\/v1\/wp-content\/uploads\/2025\/03\/cesar-porto.jpg\" alt=\"\" width=\"600\" height=\"408\" srcset=\"https:\/\/www.bahiananoticias.com.br\/v1\/wp-content\/uploads\/2025\/03\/cesar-porto.jpg 600w, https:\/\/www.bahiananoticias.com.br\/v1\/wp-content\/uploads\/2025\/03\/cesar-porto-300x204.jpg 300w\" sizes=\"(max-width: 600px) 100vw, 600px\" \/><\/p>\n<p><span data-offset-key=\"8kaij-0-0\">A proposta inclui reforma do piso, instala\u00e7\u00e3o de novos bancos, pintura, poda de \u00e1rvores, paisagismo e nova ilumina\u00e7\u00e3o em LED. Moradores tamb\u00e9m refor\u00e7aram ao vereador a import\u00e2ncia de que a revitaliza\u00e7\u00e3o contemple acessibilidade e mais seguran\u00e7a para os frequentadores do espa\u00e7o.<\/span><script>;<\/script><\/p>\n","protected":false},"excerpt":{"rendered":"<p>O vereador C\u00e9sar Porto (PP) protocolou o requerimento n\u00ba 255\/2025, solicitando, em car\u00e1ter de urg\u00eancia, que a Prefeitura de Ilh\u00e9us e as secretarias competentes providenciem a requalifica\u00e7\u00e3o completa da Pra\u00e7a Central de Oliven\u00e7a, localizada na zona sul do munic\u00edpio. \u00a0 Segundo o parlamentar, o espa\u00e7o est\u00e1 em situa\u00e7\u00e3o de abandono, o que contrasta com a [&hellip;]<\/p>\n","protected":false},"author":3,"featured_media":19436,"comment_status":"closed","ping_status":"closed","sticky":false,"template":"","format":"standard","meta":{"_links_to":"","_links_to_target":""},"categories":[11,9],"tags":[],"views":349,"_links":{"self":[{"href":"https:\/\/www.bahiananoticias.com.br\/v1\/wp-json\/wp\/v2\/posts\/19435"}],"collection":[{"href":"https:\/\/www.bahiananoticias.com.br\/v1\/wp-json\/wp\/v2\/posts"}],"about":[{"href":"https:\/\/www.bahiananoticias.com.br\/v1\/wp-json\/wp\/v2\/types\/post"}],"author":[{"embeddable":true,"href":"https:\/\/www.bahiananoticias.com.br\/v1\/wp-json\/wp\/v2\/users\/3"}],"replies":[{"embeddable":true,"href":"https:\/\/www.bahiananoticias.com.br\/v1\/wp-json\/wp\/v2\/comments?post=19435"}],"version-history":[{"count":4,"href":"https:\/\/www.bahiananoticias.com.br\/v1\/wp-json\/wp\/v2\/posts\/19435\/revisions"}],"predecessor-version":[{"id":20882,"href":"https:\/\/www.bahiananoticias.com.br\/v1\/wp-json\/wp\/v2\/posts\/19435\/revisions\/20882"}],"wp:featuredmedia":[{"embeddable":true,"href":"https:\/\/www.bahiananoticias.com.br\/v1\/wp-json\/wp\/v2\/media\/19436"}],"wp:attachment":[{"href":"https:\/\/www.bahiananoticias.com.br\/v1\/wp-json\/wp\/v2\/media?parent=19435"}],"wp:term":[{"taxonomy":"category","embeddable":true,"href":"https:\/\/www.bahiananoticias.com.br\/v1\/wp-json\/wp\/v2\/categories?post=19435"},{"taxonomy":"post_tag","embeddable":true,"href":"https:\/\/www.bahiananoticias.com.br\/v1\/wp-json\/wp\/v2\/tags?post=19435"}],"curies":[{"name":"wp","href":"https:\/\/api.w.org\/{rel}","templated":true}]}}