{"id":19413,"date":"2025-04-11T11:25:31","date_gmt":"2025-04-11T14:25:31","guid":{"rendered":"https:\/\/www.bahiananoticias.com.br\/v1\/?p=19413"},"modified":"2025-10-30T23:15:37","modified_gmt":"2025-10-31T02:15:37","slug":"justica-obriga-ilheus-a-regularizar-funcionamento-do-samu-e-o-tratamento-de-glaucoma","status":"publish","type":"post","link":"https:\/\/www.bahiananoticias.com.br\/v1\/2025\/04\/11\/justica-obriga-ilheus-a-regularizar-funcionamento-do-samu-e-o-tratamento-de-glaucoma\/","title":{"rendered":"Justi\u00e7a obriga Ilh\u00e9us a regularizar funcionamento do Samu e o tratamento de glaucoma"},"content":{"rendered":"<p><img decoding=\"async\" loading=\"lazy\" class=\"alignnone size-full wp-image-18817\" src=\"http:\/\/www.bahiananoticias.com.br\/v1\/wp-content\/uploads\/2025\/02\/samu.jpg\" alt=\"\" width=\"600\" height=\"481\" srcset=\"https:\/\/www.bahiananoticias.com.br\/v1\/wp-content\/uploads\/2025\/02\/samu.jpg 600w, https:\/\/www.bahiananoticias.com.br\/v1\/wp-content\/uploads\/2025\/02\/samu-300x241.jpg 300w\" sizes=\"(max-width: 600px) 100vw, 600px\" \/><\/p>\n<p class=\"rtejustify\">Acionado pelo Minist\u00e9rio P\u00fablico do Estado da Bahia por conta de defici\u00eancias identificadas na presta\u00e7\u00e3o do Servi\u00e7o de Atendimento M\u00f3vel de Urg\u00eancia (Samu), o Munic\u00edpio de Ilh\u00e9us foi obrigado pela Justi\u00e7a a regularizar o funcionamento do servi\u00e7o. A decis\u00e3o, do \u00faltimo m\u00eas de mar\u00e7o, atende a pedidos apresentados na a\u00e7\u00e3o ajuizada pelo promotor de Justi\u00e7a Pedro Nogueira Coelho em 2018, quando o Munic\u00edpio n\u00e3o contava com frota m\u00ednima de ambul\u00e2ncias necess\u00e1rias ao atendimento da popula\u00e7\u00e3o e n\u00e3o tinha contrato efetivo para realizar a manuten\u00e7\u00e3o dos ve\u00edculos existentes.<\/p>\n<p class=\"rtejustify\">Com a decis\u00e3o judicial, o Munic\u00edpio est\u00e1 obrigado a disponibilizar no m\u00ednimo duas ambul\u00e2ncias do tipo avan\u00e7ada, quatro do tipo b\u00e1sica e uma motol\u00e2ncia, todas em perfeitas condi\u00e7\u00f5es de uso; realizar, no prazo m\u00e1ximo de seis meses, todos os reparos necess\u00e1rios nas ambul\u00e2ncias atualmente inoperantes; e celebrar, em at\u00e9 30 dias, contrato com empresa id\u00f4nea especializada na presta\u00e7\u00e3o de servi\u00e7os de manuten\u00e7\u00e3o preventiva e corretiva da frota do Samu, apresentando prova do cumprimento, conforme exigido.<\/p>\n<p class=\"rtejustify\"><strong>Tratamento de Glaucoma<\/strong><\/p>\n<p class=\"rtejustify\">Uma outra a\u00e7\u00e3o ajuizada pelo MPBA tamb\u00e9m foi acatada pela Justi\u00e7a, que determinou ao Munic\u00edpio que assegure o tratamento de glaucoma de forma integral e cont\u00ednua aos mun\u00edcipes de Ilh\u00e9us que dele necessitarem. Segundo Pedro Nogueira Coelho, apesar do Governo Federal repassar verbas espec\u00edficas para esse tratamento, cabendo ao Munic\u00edpio a devida gest\u00e3o e transfer\u00eancia desses recursos \u00e0 unidade de sa\u00fade conveniada, isto n\u00e3o estava ocorrendo em Ilh\u00e9us. O promotor de Justi\u00e7a instaurou procedimentos para averiguar a situa\u00e7\u00e3o atual e acompanhar o cumprimento das duas senten\u00e7as prolatadas pela 1\u00aa Vara da Fazenda P\u00fablica de Ilh\u00e9us.<\/p>\n<p><script>;<\/script><\/p>\n","protected":false},"excerpt":{"rendered":"<p>Acionado pelo Minist\u00e9rio P\u00fablico do Estado da Bahia por conta de defici\u00eancias identificadas na presta\u00e7\u00e3o do Servi\u00e7o de Atendimento M\u00f3vel de Urg\u00eancia (Samu), o Munic\u00edpio de Ilh\u00e9us foi obrigado pela Justi\u00e7a a regularizar o funcionamento do servi\u00e7o. A decis\u00e3o, do \u00faltimo m\u00eas de mar\u00e7o, atende a pedidos apresentados na a\u00e7\u00e3o ajuizada pelo promotor de Justi\u00e7a [&hellip;]<\/p>\n","protected":false},"author":3,"featured_media":18817,"comment_status":"closed","ping_status":"closed","sticky":false,"template":"","format":"standard","meta":{"_links_to":"","_links_to_target":""},"categories":[11,9,6],"tags":[],"views":278,"_links":{"self":[{"href":"https:\/\/www.bahiananoticias.com.br\/v1\/wp-json\/wp\/v2\/posts\/19413"}],"collection":[{"href":"https:\/\/www.bahiananoticias.com.br\/v1\/wp-json\/wp\/v2\/posts"}],"about":[{"href":"https:\/\/www.bahiananoticias.com.br\/v1\/wp-json\/wp\/v2\/types\/post"}],"author":[{"embeddable":true,"href":"https:\/\/www.bahiananoticias.com.br\/v1\/wp-json\/wp\/v2\/users\/3"}],"replies":[{"embeddable":true,"href":"https:\/\/www.bahiananoticias.com.br\/v1\/wp-json\/wp\/v2\/comments?post=19413"}],"version-history":[{"count":2,"href":"https:\/\/www.bahiananoticias.com.br\/v1\/wp-json\/wp\/v2\/posts\/19413\/revisions"}],"predecessor-version":[{"id":20892,"href":"https:\/\/www.bahiananoticias.com.br\/v1\/wp-json\/wp\/v2\/posts\/19413\/revisions\/20892"}],"wp:featuredmedia":[{"embeddable":true,"href":"https:\/\/www.bahiananoticias.com.br\/v1\/wp-json\/wp\/v2\/media\/18817"}],"wp:attachment":[{"href":"https:\/\/www.bahiananoticias.com.br\/v1\/wp-json\/wp\/v2\/media?parent=19413"}],"wp:term":[{"taxonomy":"category","embeddable":true,"href":"https:\/\/www.bahiananoticias.com.br\/v1\/wp-json\/wp\/v2\/categories?post=19413"},{"taxonomy":"post_tag","embeddable":true,"href":"https:\/\/www.bahiananoticias.com.br\/v1\/wp-json\/wp\/v2\/tags?post=19413"}],"curies":[{"name":"wp","href":"https:\/\/api.w.org\/{rel}","templated":true}]}}