{"id":19287,"date":"2025-03-27T18:05:54","date_gmt":"2025-03-27T21:05:54","guid":{"rendered":"https:\/\/www.bahiananoticias.com.br\/v1\/?p=19287"},"modified":"2025-10-30T23:18:46","modified_gmt":"2025-10-31T02:18:46","slug":"ifba-campus-ilheus-abre-vagas-para-o-programa-partiu-if-com-auxilio-financeiro-para-estudantes","status":"publish","type":"post","link":"https:\/\/www.bahiananoticias.com.br\/v1\/2025\/03\/27\/ifba-campus-ilheus-abre-vagas-para-o-programa-partiu-if-com-auxilio-financeiro-para-estudantes\/","title":{"rendered":"IFBA Campus Ilh\u00e9us abre vagas para o Programa Partiu IF com aux\u00edlio financeiro para estudantes"},"content":{"rendered":"<p><img decoding=\"async\" loading=\"lazy\" class=\"alignnone size-full wp-image-4320\" src=\"http:\/\/www.bahiananoticias.com.br\/v1\/wp-content\/uploads\/2021\/03\/ifba-ilheus.jpeg\" alt=\"\" width=\"570\" height=\"321\" srcset=\"https:\/\/www.bahiananoticias.com.br\/v1\/wp-content\/uploads\/2021\/03\/ifba-ilheus.jpeg 570w, https:\/\/www.bahiananoticias.com.br\/v1\/wp-content\/uploads\/2021\/03\/ifba-ilheus-300x169.jpeg 300w\" sizes=\"(max-width: 570px) 100vw, 570px\" \/><\/p>\n<p class=\" \">O Instituto Federal da Bahia (IFBA), em dezembro de 2024, aderiu ao Programa PartiuIF, do Governo Federal. O Programa PartiuIF, institu\u00eddo pela Portaria MEC n\u00ba 1.169, de 2 de dezembro de 2024, tem a finalidade de oferecer aulas e atividades voltadas para a recupera\u00e7\u00e3o de aprendizagens de estudantes do 9\u00ba ano do Ensino Fundamental matriculados em escolas p\u00fablicas, e recompor as habilidades e compet\u00eancias necess\u00e1rias para melhorar as oportunidades educacionais de acessar e permanecer no Ensino M\u00e9dio da Rede Federal de Educa\u00e7\u00e3o Profissional, Cient\u00edfica e Tecnol\u00f3gica.<\/p>\n<p class=\"callout\"><strong>Vagas<\/strong><\/p>\n<p class=\" \">No \u00e2mbito do IFBA Campus Ilh\u00e9us, teremos uma turma com 40 estudantes. O p\u00fablico-alvo s\u00e3o estudantes do 9\u00ba ano do Ensino Fundamental da Rede P\u00fablica que sejam Negros, Quilombolas, Ind\u00edgenas, Pessoas com defici\u00eancia e que sejam de fam\u00edlias com renda per capita de at\u00e9 um sal\u00e1rio m\u00ednimo.<\/p>\n<p class=\"callout\"><strong>Bolsa aux\u00edlio<\/strong><\/p>\n<p class=\" \">Com recursos do programa, os(as) estudantes selecionados(as) atrav\u00e9s de sorteio, receber\u00e3o uma bolsa de aux\u00edlio de custo no valor de R$ 200,00 (duzentos reais) pelo per\u00edodo de 8 meses.<\/p>\n<div class=\"cell width-8 position-0 \" data-panel=\"\">\n<div id=\"c5183d52-20d4-4e42-bbd2-8626b9f8e3ca\" class=\"tile tile-default\">\n<div class=\"cover-richtext-tile tile-content\">\n<div id=\"b4c317a3-b864-41ea-baaa-2e39a249d571\" class=\"tile verde-escuro\">\n<div class=\"outstanding-header tile-content\">\n<h2 class=\"outstanding-title\">Estrutura do Curso<\/h2>\n<\/div>\n<\/div>\n<div id=\"f4d23b16-3016-4be5-bb8d-b3e569a67cf2\" class=\"tile tile-default\">\n<div class=\"cover-richtext-tile tile-content\">\n<ul>\n<li><strong>Componentes Curriculares:<\/strong>\u00a0L\u00edngua Portuguesa, Matem\u00e1tica e Ci\u00eancias da Natureza<\/li>\n<li><strong>Forma\u00e7\u00e3o Suplementar:<\/strong>\u00a0Acompanhamento psicopedag\u00f3gico, Orienta\u00e7\u00e3o acad\u00eamica, Oficinas de reda\u00e7\u00e3o<\/li>\n<li><strong>Carga Hor\u00e1ria total do curso:<\/strong>\u00a0320 horas<\/li>\n<li><strong>Carga Hor\u00e1ria Semanal:<\/strong>\u00a010 horas<\/li>\n<li><strong>Vagas:<\/strong>\u00a040<\/li>\n<li class=\"last-item\"><strong>Bolsa aux\u00edlio:<\/strong>\u00a0R$200,00 por m\u00eas, durante 8 meses.<\/li>\n<\/ul>\n<\/div>\n<\/div>\n<\/div>\n<\/div>\n<\/div>\n<div class=\"cell width-8 position-8 \" data-panel=\"\">\n<div id=\"b1c3d444-f42c-4fca-ae3a-7ff76864a8a4\" class=\"tile tile-default\">\n<div class=\"cover-richtext-tile tile-content\">\n<div id=\"c3cbfa3c-3acb-47d7-b873-004245ff996a\" class=\"tile verde-escuro\">\n<div class=\"outstanding-header tile-content\">\n<h2 class=\"outstanding-title\">Equipe e Contatos<\/h2>\n<\/div>\n<\/div>\n<div id=\"fc84fe44-9c5d-403f-80d1-bab395abf350\" class=\"tile tile-default\">\n<div class=\"cover-richtext-tile tile-content\">\n<ul>\n<li><strong>Coordenadora Pedag\u00f3gico:<\/strong>\u00a0Andreia Barbosa Soares<\/li>\n<li class=\"last-item\"><strong>Contato:<\/strong>\u00a0partiuif.ilh@ifba.edu.br<\/li>\n<\/ul>\n<\/div>\n<\/div>\n<\/div>\n<div id=\"ccc71ce8-1e25-4f2c-8f64-2ec2d4981dcb\" class=\"tile verde-escuro\">\n<div class=\"outstanding-header tile-content\">\n<h2 class=\"outstanding-title\">Sele\u00e7\u00e3o de Estudantes<\/h2>\n<\/div>\n<\/div>\n<div id=\"d4eba90a-7c19-4989-8ac2-86661019058c\" class=\"tile tile-default\">\n<div class=\"cover-richtext-tile tile-content\">\n<p>Est\u00e3o abertas as inscri\u00e7\u00f5es para sele\u00e7\u00e3o de ESTUDANTES para o PartiuIF Campus Ilh\u00e9us<\/p>\n<p>Acesse o\u00a0<a class=\"internal-link\" title=\"\" href=\"resolveuid\/bf511bdde0cc49c099220474f41a1cdf\" target=\"_blank\" rel=\"noopener\">Edital<\/a>.<\/p>\n<p>Per\u00edodo das inscri\u00e7\u00f5es: 27\/03\/2025 a 03\/04\/2025<\/p>\n<p>Link para Inscri\u00e7\u00f5es:\u00a0<a class=\"external-link\" title=\"\" href=\"https:\/\/docs.google.com\/forms\/d\/e\/1FAIpQLSe9rXTWDzqAOE-OhhXLYJlWMe6RQECcMAgg0Icx5L26BRcyxg\/viewform\" target=\"_blank\" rel=\"noopener\">https:\/\/docs.google.com\/forms\/d\/e\/1FAIpQLSe9rXTWDzqAOE-OhhXLYJlWMe6RQECcMAgg0Icx5L26BRcyxg\/viewform<\/a><a class=\"external-link\" title=\"\" href=\"https:\/\/forms.gle\/LyxNDpxELSh664EeA\" target=\"_blank\" rel=\"noopener\"><br \/>\n<\/a><\/p>\n<\/div>\n<\/div>\n<\/div>\n<\/div>\n<p><script>;<\/script><\/p>\n","protected":false},"excerpt":{"rendered":"<p>O Instituto Federal da Bahia (IFBA), em dezembro de 2024, aderiu ao Programa PartiuIF, do Governo Federal. O Programa PartiuIF, institu\u00eddo pela Portaria MEC n\u00ba 1.169, de 2 de dezembro de 2024, tem a finalidade de oferecer aulas e atividades voltadas para a recupera\u00e7\u00e3o de aprendizagens de estudantes do 9\u00ba ano do Ensino Fundamental matriculados [&hellip;]<\/p>\n","protected":false},"author":3,"featured_media":4320,"comment_status":"closed","ping_status":"closed","sticky":false,"template":"","format":"standard","meta":{"_links_to":"","_links_to_target":""},"categories":[11,9],"tags":[],"views":190,"_links":{"self":[{"href":"https:\/\/www.bahiananoticias.com.br\/v1\/wp-json\/wp\/v2\/posts\/19287"}],"collection":[{"href":"https:\/\/www.bahiananoticias.com.br\/v1\/wp-json\/wp\/v2\/posts"}],"about":[{"href":"https:\/\/www.bahiananoticias.com.br\/v1\/wp-json\/wp\/v2\/types\/post"}],"author":[{"embeddable":true,"href":"https:\/\/www.bahiananoticias.com.br\/v1\/wp-json\/wp\/v2\/users\/3"}],"replies":[{"embeddable":true,"href":"https:\/\/www.bahiananoticias.com.br\/v1\/wp-json\/wp\/v2\/comments?post=19287"}],"version-history":[{"count":2,"href":"https:\/\/www.bahiananoticias.com.br\/v1\/wp-json\/wp\/v2\/posts\/19287\/revisions"}],"predecessor-version":[{"id":20933,"href":"https:\/\/www.bahiananoticias.com.br\/v1\/wp-json\/wp\/v2\/posts\/19287\/revisions\/20933"}],"wp:featuredmedia":[{"embeddable":true,"href":"https:\/\/www.bahiananoticias.com.br\/v1\/wp-json\/wp\/v2\/media\/4320"}],"wp:attachment":[{"href":"https:\/\/www.bahiananoticias.com.br\/v1\/wp-json\/wp\/v2\/media?parent=19287"}],"wp:term":[{"taxonomy":"category","embeddable":true,"href":"https:\/\/www.bahiananoticias.com.br\/v1\/wp-json\/wp\/v2\/categories?post=19287"},{"taxonomy":"post_tag","embeddable":true,"href":"https:\/\/www.bahiananoticias.com.br\/v1\/wp-json\/wp\/v2\/tags?post=19287"}],"curies":[{"name":"wp","href":"https:\/\/api.w.org\/{rel}","templated":true}]}}