{"id":18847,"date":"2025-02-15T09:16:54","date_gmt":"2025-02-15T12:16:54","guid":{"rendered":"https:\/\/www.bahiananoticias.com.br\/v1\/?p=18847"},"modified":"2025-10-30T23:27:16","modified_gmt":"2025-10-31T02:27:16","slug":"presidente-cesar-porto-e-outras-autoridades-marcam-presenca-na-reinauguracao-da-nova-praca-cairu","status":"publish","type":"post","link":"https:\/\/www.bahiananoticias.com.br\/v1\/2025\/02\/15\/presidente-cesar-porto-e-outras-autoridades-marcam-presenca-na-reinauguracao-da-nova-praca-cairu\/","title":{"rendered":"Presidente C\u00e9sar Porto e Outras Autoridades Marcam Presen\u00e7a na Reinaugura\u00e7\u00e3o da Nova Pra\u00e7a Cairu"},"content":{"rendered":"<p><img decoding=\"async\" loading=\"lazy\" class=\"alignnone size-full wp-image-18848\" src=\"http:\/\/www.bahiananoticias.com.br\/v1\/wp-content\/uploads\/2025\/02\/1000124546.jpg\" alt=\"\" width=\"600\" height=\"450\" srcset=\"https:\/\/www.bahiananoticias.com.br\/v1\/wp-content\/uploads\/2025\/02\/1000124546.jpg 600w, https:\/\/www.bahiananoticias.com.br\/v1\/wp-content\/uploads\/2025\/02\/1000124546-300x225.jpg 300w\" sizes=\"(max-width: 600px) 100vw, 600px\" \/><\/p>\n<p>&nbsp;<\/p>\n<p>Na noite desta sexta-feira, Ilh\u00e9us celebrou um importante avan\u00e7o com a reinaugura\u00e7\u00e3o da nova Pra\u00e7a Cairu. O evento contou com a presen\u00e7a do presidente da C\u00e2mara Municipal, C\u00e9sar Porto, que, junto a outras autoridades e figuras p\u00fablicas de grande relev\u00e2ncia para o desenvolvimento da cidade, marcou presen\u00e7a nessa entrega t\u00e3o esperada pela popula\u00e7\u00e3o.<\/p>\n<p>A revitaliza\u00e7\u00e3o da Pra\u00e7a Cairu representa um marco para Ilh\u00e9us, trazendo um espa\u00e7o moderno, seguro e acess\u00edvel para os moradores. A obra faz parte de um conjunto de a\u00e7\u00f5es voltadas para a valoriza\u00e7\u00e3o dos espa\u00e7os p\u00fablicos, promovendo lazer, cultura e mobilidade urbana.<\/p>\n<p>Durante a cerim\u00f4nia, o prefeito Valderico J\u00fanior destacou a import\u00e2ncia da requalifica\u00e7\u00e3o do espa\u00e7o. \u201cA Pra\u00e7a Cairu \u00e9 um ponto central e hist\u00f3rico de Ilh\u00e9us. Essa revitaliza\u00e7\u00e3o representa mais do que uma mudan\u00e7a estrutural, mas um compromisso com o bem-estar da nossa popula\u00e7\u00e3o e o crescimento da cidade\u201d, afirmou.<\/p>\n<p>O presidente da C\u00e2mara, C\u00e9sar Porto, refor\u00e7ou a relev\u00e2ncia da obra para a cidade. \u201cEste \u00e9 um momento de celebra\u00e7\u00e3o para todos os ilheenses. O trabalho conjunto entre os poderes e a sociedade traz benef\u00edcios diretos para o nosso povo. A Pra\u00e7a Cairu agora est\u00e1 mais bonita e funcional, pronta para atender \u00e0s necessidades dos cidad\u00e3os\u201d, declarou.<\/p>\n<p>Al\u00e9m das autoridades municipais, empres\u00e1rios, representantes de entidades civis e moradores tamb\u00e9m prestigiaram a entrega do novo espa\u00e7o. A requalifica\u00e7\u00e3o inclui novas \u00e1reas de conviv\u00eancia, paisagismo renovado, ilumina\u00e7\u00e3o moderna e melhorias na acessibilidade.<\/p>\n<p>A reabertura da Pra\u00e7a Cairu simboliza um avan\u00e7o significativo para Ilh\u00e9us, refor\u00e7ando o compromisso da gest\u00e3o municipal com a qualidade de vida e o desenvolvimento urbano. Com uma infraestrutura aprimorada e a incorpora\u00e7\u00e3o de elementos culturais e de lazer, o novo espa\u00e7o tem o potencial de impulsionar projetos futuros e atrair investimentos que promovam o cont\u00ednuo progresso do centro da cidade.<script>;<\/script><\/p>\n","protected":false},"excerpt":{"rendered":"<p>&nbsp; Na noite desta sexta-feira, Ilh\u00e9us celebrou um importante avan\u00e7o com a reinaugura\u00e7\u00e3o da nova Pra\u00e7a Cairu. O evento contou com a presen\u00e7a do presidente da C\u00e2mara Municipal, C\u00e9sar Porto, que, junto a outras autoridades e figuras p\u00fablicas de grande relev\u00e2ncia para o desenvolvimento da cidade, marcou presen\u00e7a nessa entrega t\u00e3o esperada pela popula\u00e7\u00e3o. A [&hellip;]<\/p>\n","protected":false},"author":2,"featured_media":18848,"comment_status":"closed","ping_status":"closed","sticky":false,"template":"","format":"standard","meta":{"_links_to":"","_links_to_target":""},"categories":[11,9],"tags":[],"views":209,"_links":{"self":[{"href":"https:\/\/www.bahiananoticias.com.br\/v1\/wp-json\/wp\/v2\/posts\/18847"}],"collection":[{"href":"https:\/\/www.bahiananoticias.com.br\/v1\/wp-json\/wp\/v2\/posts"}],"about":[{"href":"https:\/\/www.bahiananoticias.com.br\/v1\/wp-json\/wp\/v2\/types\/post"}],"author":[{"embeddable":true,"href":"https:\/\/www.bahiananoticias.com.br\/v1\/wp-json\/wp\/v2\/users\/2"}],"replies":[{"embeddable":true,"href":"https:\/\/www.bahiananoticias.com.br\/v1\/wp-json\/wp\/v2\/comments?post=18847"}],"version-history":[{"count":3,"href":"https:\/\/www.bahiananoticias.com.br\/v1\/wp-json\/wp\/v2\/posts\/18847\/revisions"}],"predecessor-version":[{"id":21058,"href":"https:\/\/www.bahiananoticias.com.br\/v1\/wp-json\/wp\/v2\/posts\/18847\/revisions\/21058"}],"wp:featuredmedia":[{"embeddable":true,"href":"https:\/\/www.bahiananoticias.com.br\/v1\/wp-json\/wp\/v2\/media\/18848"}],"wp:attachment":[{"href":"https:\/\/www.bahiananoticias.com.br\/v1\/wp-json\/wp\/v2\/media?parent=18847"}],"wp:term":[{"taxonomy":"category","embeddable":true,"href":"https:\/\/www.bahiananoticias.com.br\/v1\/wp-json\/wp\/v2\/categories?post=18847"},{"taxonomy":"post_tag","embeddable":true,"href":"https:\/\/www.bahiananoticias.com.br\/v1\/wp-json\/wp\/v2\/tags?post=18847"}],"curies":[{"name":"wp","href":"https:\/\/api.w.org\/{rel}","templated":true}]}}