{"id":18697,"date":"2025-02-01T10:23:35","date_gmt":"2025-02-01T13:23:35","guid":{"rendered":"https:\/\/www.bahiananoticias.com.br\/v1\/?p=18697"},"modified":"2025-10-30T23:30:46","modified_gmt":"2025-10-31T02:30:46","slug":"valderico-nomeia-jailson-nascimento-na-superintendencia-do-interior","status":"publish","type":"post","link":"https:\/\/www.bahiananoticias.com.br\/v1\/2025\/02\/01\/valderico-nomeia-jailson-nascimento-na-superintendencia-do-interior\/","title":{"rendered":"Valderico nomeia Jailson Nascimento na superintend\u00eancia do Interior"},"content":{"rendered":"<p><img decoding=\"async\" loading=\"lazy\" class=\"alignnone size-full wp-image-18698\" src=\"http:\/\/www.bahiananoticias.com.br\/v1\/wp-content\/uploads\/2025\/02\/Jailson-Nascimento.jpg\" alt=\"\" width=\"600\" height=\"278\" srcset=\"https:\/\/www.bahiananoticias.com.br\/v1\/wp-content\/uploads\/2025\/02\/Jailson-Nascimento.jpg 600w, https:\/\/www.bahiananoticias.com.br\/v1\/wp-content\/uploads\/2025\/02\/Jailson-Nascimento-300x139.jpg 300w\" sizes=\"(max-width: 600px) 100vw, 600px\" \/><\/p>\n<p>&nbsp;<\/p>\n<p>O prefeito Valderico Junior nomeou o ex-presidente da C\u00e2mara, Jailson Nascimento, para comandar a Superintend\u00eancia do Interior, vinculada \u00e0 Secretaria do Interior. Jailson teve um papel fundamental na campanha vitoriosa de Valderico e agora assume a nova fun\u00e7\u00e3o com a miss\u00e3o de fortalecer a atua\u00e7\u00e3o do governo nos distritos e vilas de Ilh\u00e9us.<\/p>\n<p>A escolha foi bem recebida no meio pol\u00edtico, destacando-se a experi\u00eancia de Jailson como ex-vereador e seu amplo conhecimento sobre as demandas da popula\u00e7\u00e3o dessas regi\u00f5es.<\/p>\n<p>Antes da nomea\u00e7\u00e3o, Jailson presidia o sindicato dos taxistas, que recentemente realizou elei\u00e7\u00f5es para escolher uma nova diretoria. Com forte influ\u00eancia no setor, ele conseguiu eleger seu sucessor, garantindo a continuidade do trabalho desenvolvido.<script>;<\/script><\/p>\n","protected":false},"excerpt":{"rendered":"<p>&nbsp; O prefeito Valderico Junior nomeou o ex-presidente da C\u00e2mara, Jailson Nascimento, para comandar a Superintend\u00eancia do Interior, vinculada \u00e0 Secretaria do Interior. Jailson teve um papel fundamental na campanha vitoriosa de Valderico e agora assume a nova fun\u00e7\u00e3o com a miss\u00e3o de fortalecer a atua\u00e7\u00e3o do governo nos distritos e vilas de Ilh\u00e9us. A [&hellip;]<\/p>\n","protected":false},"author":2,"featured_media":18698,"comment_status":"closed","ping_status":"closed","sticky":false,"template":"","format":"standard","meta":{"_links_to":"","_links_to_target":""},"categories":[11,9],"tags":[],"views":226,"_links":{"self":[{"href":"https:\/\/www.bahiananoticias.com.br\/v1\/wp-json\/wp\/v2\/posts\/18697"}],"collection":[{"href":"https:\/\/www.bahiananoticias.com.br\/v1\/wp-json\/wp\/v2\/posts"}],"about":[{"href":"https:\/\/www.bahiananoticias.com.br\/v1\/wp-json\/wp\/v2\/types\/post"}],"author":[{"embeddable":true,"href":"https:\/\/www.bahiananoticias.com.br\/v1\/wp-json\/wp\/v2\/users\/2"}],"replies":[{"embeddable":true,"href":"https:\/\/www.bahiananoticias.com.br\/v1\/wp-json\/wp\/v2\/comments?post=18697"}],"version-history":[{"count":3,"href":"https:\/\/www.bahiananoticias.com.br\/v1\/wp-json\/wp\/v2\/posts\/18697\/revisions"}],"predecessor-version":[{"id":21111,"href":"https:\/\/www.bahiananoticias.com.br\/v1\/wp-json\/wp\/v2\/posts\/18697\/revisions\/21111"}],"wp:featuredmedia":[{"embeddable":true,"href":"https:\/\/www.bahiananoticias.com.br\/v1\/wp-json\/wp\/v2\/media\/18698"}],"wp:attachment":[{"href":"https:\/\/www.bahiananoticias.com.br\/v1\/wp-json\/wp\/v2\/media?parent=18697"}],"wp:term":[{"taxonomy":"category","embeddable":true,"href":"https:\/\/www.bahiananoticias.com.br\/v1\/wp-json\/wp\/v2\/categories?post=18697"},{"taxonomy":"post_tag","embeddable":true,"href":"https:\/\/www.bahiananoticias.com.br\/v1\/wp-json\/wp\/v2\/tags?post=18697"}],"curies":[{"name":"wp","href":"https:\/\/api.w.org\/{rel}","templated":true}]}}