{"id":18694,"date":"2025-02-01T10:14:58","date_gmt":"2025-02-01T13:14:58","guid":{"rendered":"https:\/\/www.bahiananoticias.com.br\/v1\/?p=18694"},"modified":"2025-10-30T23:30:49","modified_gmt":"2025-10-31T02:30:49","slug":"prefeito-valderico-junior-decreta-situacao-de-emergencia-administrativa-em-ilheus","status":"publish","type":"post","link":"https:\/\/www.bahiananoticias.com.br\/v1\/2025\/02\/01\/prefeito-valderico-junior-decreta-situacao-de-emergencia-administrativa-em-ilheus\/","title":{"rendered":"Prefeito Valderico Junior decreta situa\u00e7\u00e3o de emerg\u00eancia administrativa em Ilh\u00e9us"},"content":{"rendered":"<p><img decoding=\"async\" loading=\"lazy\" class=\"alignnone size-full wp-image-18517\" src=\"http:\/\/www.bahiananoticias.com.br\/v1\/wp-content\/uploads\/2025\/01\/58ACDBA4-E6A7-43DD-A734-B0E5162D0EEE.jpg\" alt=\"\" width=\"600\" height=\"400\" srcset=\"https:\/\/www.bahiananoticias.com.br\/v1\/wp-content\/uploads\/2025\/01\/58ACDBA4-E6A7-43DD-A734-B0E5162D0EEE.jpg 600w, https:\/\/www.bahiananoticias.com.br\/v1\/wp-content\/uploads\/2025\/01\/58ACDBA4-E6A7-43DD-A734-B0E5162D0EEE-300x200.jpg 300w\" sizes=\"(max-width: 600px) 100vw, 600px\" \/><\/p>\n<p>&nbsp;<\/p>\n<p>Na noite desta sexta-feira (31), a Prefeitura de Ilh\u00e9us decretou situa\u00e7\u00e3o de emerg\u00eancia administrativa no munic\u00edpio. A medida foi publicada no Di\u00e1rio Oficial por meio do Decreto n\u00ba 329, assinado pelo prefeito Valderico Junior e pelo secret\u00e1rio de Gest\u00e3o, Cristiano Carvalho.<\/p>\n<p>De acordo com o documento, o objetivo \u00e9 viabilizar a ado\u00e7\u00e3o de medidas urgentes para garantir o atendimento \u00e0 popula\u00e7\u00e3o e a continuidade dos servi\u00e7os p\u00fablicos. O prazo previsto \u00e9 de 90 dias, com possibilidade de prorroga\u00e7\u00e3o.<\/p>\n<p>Entre os motivos para a medida, o decreto considera o estado de abandono deixado pela gest\u00e3o anterior na \u00e1rea administrativa, incluindo processos licitat\u00f3rios n\u00e3o iniciados ou n\u00e3o conclu\u00eddos, precariedade da estrutura b\u00e1sica \u2013 como pr\u00e9dios p\u00fablicos, equipamentos e servi\u00e7os de inform\u00e1tica \u2013, exist\u00eancia de contratos com ind\u00edcios de irregularidades, al\u00e9m do desabastecimento de alimentos, ferramentas, EPIs e itens de higiene e limpeza.<\/p>\n<p>Durante a vig\u00eancia do decreto, ficaram autorizadas contrata\u00e7\u00f5es emergenciais para aquisi\u00e7\u00e3o de bens e servi\u00e7os essenciais \u00e0 administra\u00e7\u00e3o p\u00fablica, sempre em conformidade com os princ\u00edpios da legalidade, probidade administrativa, responsabilidade e transpar\u00eancia.<\/p>\n<p>O decreto tamb\u00e9m determinou a apura\u00e7\u00e3o das causas que levaram \u00e0 situa\u00e7\u00e3o emergencial do munic\u00edpio, com o encaminhamento dos resultados aos \u00f3rg\u00e3os competentes.<script>;<\/script><\/p>\n","protected":false},"excerpt":{"rendered":"<p>&nbsp; Na noite desta sexta-feira (31), a Prefeitura de Ilh\u00e9us decretou situa\u00e7\u00e3o de emerg\u00eancia administrativa no munic\u00edpio. A medida foi publicada no Di\u00e1rio Oficial por meio do Decreto n\u00ba 329, assinado pelo prefeito Valderico Junior e pelo secret\u00e1rio de Gest\u00e3o, Cristiano Carvalho. De acordo com o documento, o objetivo \u00e9 viabilizar a ado\u00e7\u00e3o de medidas [&hellip;]<\/p>\n","protected":false},"author":2,"featured_media":18517,"comment_status":"closed","ping_status":"closed","sticky":false,"template":"","format":"standard","meta":{"_links_to":"","_links_to_target":""},"categories":[11,9,4],"tags":[],"views":196,"_links":{"self":[{"href":"https:\/\/www.bahiananoticias.com.br\/v1\/wp-json\/wp\/v2\/posts\/18694"}],"collection":[{"href":"https:\/\/www.bahiananoticias.com.br\/v1\/wp-json\/wp\/v2\/posts"}],"about":[{"href":"https:\/\/www.bahiananoticias.com.br\/v1\/wp-json\/wp\/v2\/types\/post"}],"author":[{"embeddable":true,"href":"https:\/\/www.bahiananoticias.com.br\/v1\/wp-json\/wp\/v2\/users\/2"}],"replies":[{"embeddable":true,"href":"https:\/\/www.bahiananoticias.com.br\/v1\/wp-json\/wp\/v2\/comments?post=18694"}],"version-history":[{"count":2,"href":"https:\/\/www.bahiananoticias.com.br\/v1\/wp-json\/wp\/v2\/posts\/18694\/revisions"}],"predecessor-version":[{"id":21112,"href":"https:\/\/www.bahiananoticias.com.br\/v1\/wp-json\/wp\/v2\/posts\/18694\/revisions\/21112"}],"wp:featuredmedia":[{"embeddable":true,"href":"https:\/\/www.bahiananoticias.com.br\/v1\/wp-json\/wp\/v2\/media\/18517"}],"wp:attachment":[{"href":"https:\/\/www.bahiananoticias.com.br\/v1\/wp-json\/wp\/v2\/media?parent=18694"}],"wp:term":[{"taxonomy":"category","embeddable":true,"href":"https:\/\/www.bahiananoticias.com.br\/v1\/wp-json\/wp\/v2\/categories?post=18694"},{"taxonomy":"post_tag","embeddable":true,"href":"https:\/\/www.bahiananoticias.com.br\/v1\/wp-json\/wp\/v2\/tags?post=18694"}],"curies":[{"name":"wp","href":"https:\/\/api.w.org\/{rel}","templated":true}]}}