{"id":18570,"date":"2025-01-22T11:28:29","date_gmt":"2025-01-22T14:28:29","guid":{"rendered":"https:\/\/www.bahiananoticias.com.br\/v1\/?p=18570"},"modified":"2025-10-30T23:33:15","modified_gmt":"2025-10-31T02:33:15","slug":"motorista-de-carreta-envolvida-em-acidente-com-39-mortes-estava-sob-efeito-de-drogas-aponta-laudo","status":"publish","type":"post","link":"https:\/\/www.bahiananoticias.com.br\/v1\/2025\/01\/22\/motorista-de-carreta-envolvida-em-acidente-com-39-mortes-estava-sob-efeito-de-drogas-aponta-laudo\/","title":{"rendered":"Motorista de carreta envolvida em acidente com 39 mortes estava sob efeito de drogas, aponta laudo"},"content":{"rendered":"<p><img decoding=\"async\" loading=\"lazy\" class=\"alignnone size-full wp-image-18571\" src=\"http:\/\/www.bahiananoticias.com.br\/v1\/wp-content\/uploads\/2025\/01\/1000114873.jpg\" alt=\"\" width=\"600\" height=\"450\" srcset=\"https:\/\/www.bahiananoticias.com.br\/v1\/wp-content\/uploads\/2025\/01\/1000114873.jpg 600w, https:\/\/www.bahiananoticias.com.br\/v1\/wp-content\/uploads\/2025\/01\/1000114873-300x225.jpg 300w\" sizes=\"(max-width: 600px) 100vw, 600px\" \/><\/p>\n<p>&nbsp;<\/p>\n<p>O motorista da carreta respons\u00e1vel pelo acidente que resultou em 39 mortes na BR-116, em dezembro passado, foi identificado como Arilton Bastos Alves e estava sob efeito de coca\u00edna, ecstasy e outras subst\u00e2ncias, segundo laudo toxicol\u00f3gico realizado dois dias ap\u00f3s o ocorrido.<\/p>\n<p>&nbsp;<\/p>\n<p>Arilton foi preso na manh\u00e3 desta ter\u00e7a-feira (21), no Esp\u00edrito Santo. De acordo com a decis\u00e3o judicial que decretou a pris\u00e3o preventiva, o exame toxicol\u00f3gico apontou ainda a presen\u00e7a de MDA, alprazolam e venlafaxina em seu organismo. Peritos conclu\u00edram que ele havia consumido coca\u00edna e \u00e1lcool et\u00edlico simultaneamente.<\/p>\n<p>&nbsp;<\/p>\n<p>A decis\u00e3o judicial destacou que h\u00e1 ind\u00edcios de que o motorista tinha o h\u00e1bito de dirigir sob influ\u00eancia de \u00e1lcool. Em julho de 2022, ele foi flagrado por policiais apresentando sinais de embriaguez ao volante, o que resultou na suspens\u00e3o de sua carteira de habilita\u00e7\u00e3o.<\/p>\n<p>&nbsp;<\/p>\n<p>\u201cDiante dessas informa\u00e7\u00f5es, n\u00e3o se trata de simples descuido ou neglig\u00eancia, mas de uma deliberada assun\u00e7\u00e3o de risco, agravada pelo uso de m\u00faltiplas subst\u00e2ncias psicoativas\u201d, afirmou o juiz Danilo de Mello Ferraz em sua decis\u00e3o.<\/p>\n<p>&nbsp;<\/p>\n<p>A defesa de Arilton afirmou, em nota, ter sido surpreendida com o decreto de pris\u00e3o preventiva. &#8220;O caso ainda est\u00e1 em fase de investiga\u00e7\u00e3o. N\u00e3o fomos informados sobre os fundamentos da pris\u00e3o e tomaremos todas as medidas cab\u00edveis para garantir o devido processo legal, o direito de defesa e a liberdade do cliente&#8221;, declarou.<script>;<\/script><\/p>\n","protected":false},"excerpt":{"rendered":"<p>&nbsp; O motorista da carreta respons\u00e1vel pelo acidente que resultou em 39 mortes na BR-116, em dezembro passado, foi identificado como Arilton Bastos Alves e estava sob efeito de coca\u00edna, ecstasy e outras subst\u00e2ncias, segundo laudo toxicol\u00f3gico realizado dois dias ap\u00f3s o ocorrido. &nbsp; Arilton foi preso na manh\u00e3 desta ter\u00e7a-feira (21), no Esp\u00edrito Santo. [&hellip;]<\/p>\n","protected":false},"author":2,"featured_media":18571,"comment_status":"closed","ping_status":"closed","sticky":false,"template":"","format":"standard","meta":{"_links_to":"","_links_to_target":""},"categories":[11,9],"tags":[],"views":212,"_links":{"self":[{"href":"https:\/\/www.bahiananoticias.com.br\/v1\/wp-json\/wp\/v2\/posts\/18570"}],"collection":[{"href":"https:\/\/www.bahiananoticias.com.br\/v1\/wp-json\/wp\/v2\/posts"}],"about":[{"href":"https:\/\/www.bahiananoticias.com.br\/v1\/wp-json\/wp\/v2\/types\/post"}],"author":[{"embeddable":true,"href":"https:\/\/www.bahiananoticias.com.br\/v1\/wp-json\/wp\/v2\/users\/2"}],"replies":[{"embeddable":true,"href":"https:\/\/www.bahiananoticias.com.br\/v1\/wp-json\/wp\/v2\/comments?post=18570"}],"version-history":[{"count":2,"href":"https:\/\/www.bahiananoticias.com.br\/v1\/wp-json\/wp\/v2\/posts\/18570\/revisions"}],"predecessor-version":[{"id":21149,"href":"https:\/\/www.bahiananoticias.com.br\/v1\/wp-json\/wp\/v2\/posts\/18570\/revisions\/21149"}],"wp:featuredmedia":[{"embeddable":true,"href":"https:\/\/www.bahiananoticias.com.br\/v1\/wp-json\/wp\/v2\/media\/18571"}],"wp:attachment":[{"href":"https:\/\/www.bahiananoticias.com.br\/v1\/wp-json\/wp\/v2\/media?parent=18570"}],"wp:term":[{"taxonomy":"category","embeddable":true,"href":"https:\/\/www.bahiananoticias.com.br\/v1\/wp-json\/wp\/v2\/categories?post=18570"},{"taxonomy":"post_tag","embeddable":true,"href":"https:\/\/www.bahiananoticias.com.br\/v1\/wp-json\/wp\/v2\/tags?post=18570"}],"curies":[{"name":"wp","href":"https:\/\/api.w.org\/{rel}","templated":true}]}}