{"id":18553,"date":"2025-01-21T20:50:05","date_gmt":"2025-01-21T23:50:05","guid":{"rendered":"https:\/\/www.bahiananoticias.com.br\/v1\/?p=18553"},"modified":"2025-10-30T23:33:31","modified_gmt":"2025-10-31T02:33:31","slug":"vereadora-ira-apresentar-projeto-que-poibe-fogos-de-artificio-com-barulho-em-ilheus","status":"publish","type":"post","link":"https:\/\/www.bahiananoticias.com.br\/v1\/2025\/01\/21\/vereadora-ira-apresentar-projeto-que-poibe-fogos-de-artificio-com-barulho-em-ilheus\/","title":{"rendered":"Vereadora ir\u00e1 apresentar projeto que po\u00edbe fogos de artif\u00edcio com barulho em Ilh\u00e9us"},"content":{"rendered":"<p><img decoding=\"async\" loading=\"lazy\" class=\"alignnone size-full wp-image-18556\" src=\"http:\/\/www.bahiananoticias.com.br\/v1\/wp-content\/uploads\/2025\/01\/WhatsApp-Image-2025-01-21-at-20.46.21-1.jpeg\" alt=\"\" width=\"600\" height=\"446\" srcset=\"https:\/\/www.bahiananoticias.com.br\/v1\/wp-content\/uploads\/2025\/01\/WhatsApp-Image-2025-01-21-at-20.46.21-1.jpeg 600w, https:\/\/www.bahiananoticias.com.br\/v1\/wp-content\/uploads\/2025\/01\/WhatsApp-Image-2025-01-21-at-20.46.21-1-300x223.jpeg 300w\" sizes=\"(max-width: 600px) 100vw, 600px\" \/><\/p>\n<p>&nbsp;<\/p>\n<p>Na manh\u00e3 desta ter\u00e7a-feira, 21 de janeiro, a vereadora e vice-presidente da C\u00e2mara de Ilh\u00e9us, R\u00fabia Carvalho, participou do programa <em>Falando Direito<\/em>, na R\u00e1dio Bahiana AM 1310, e revelou detalhes sobre o primeiro projeto de lei que pretende apresentar em seu mandato.<\/p>\n<p>\u201cEstou trabalhando em um projeto para proibir fogos com estampido em Ilh\u00e9us. Ontem, na festa de S\u00e3o Sebasti\u00e3o, vi fogos sendo soltos e pensei na hora em conversar com o padre sobre isso. Muitos pets, idosos e pessoas autistas sofrem com o barulho. J\u00e1 estou estudando munic\u00edpios que t\u00eam leis similares e me debru\u00e7ando sobre os detalhes do projeto com minha equipe\u201d, afirmou R\u00fabia.<\/p>\n<p>A vereadora revelou que o projeto j\u00e1 foi apresentado ao presidente da C\u00e2mara, C\u00e9sar Porto, que demonstrou total apoio \u00e0 iniciativa.<\/p>\n<p>A ideia \u00e9 substituir os fogos tradicionais por op\u00e7\u00f5es silenciosas e promover festas e celebra\u00e7\u00f5es mais inclusivas e respeitosas,\u00a0 trazendo benef\u00edcios para diversos grupos afetados pelo barulho excessivo.<script>;<\/script><\/p>\n","protected":false},"excerpt":{"rendered":"<p>&nbsp; Na manh\u00e3 desta ter\u00e7a-feira, 21 de janeiro, a vereadora e vice-presidente da C\u00e2mara de Ilh\u00e9us, R\u00fabia Carvalho, participou do programa Falando Direito, na R\u00e1dio Bahiana AM 1310, e revelou detalhes sobre o primeiro projeto de lei que pretende apresentar em seu mandato. \u201cEstou trabalhando em um projeto para proibir fogos com estampido em Ilh\u00e9us. [&hellip;]<\/p>\n","protected":false},"author":2,"featured_media":18556,"comment_status":"closed","ping_status":"closed","sticky":false,"template":"","format":"standard","meta":{"_links_to":"","_links_to_target":""},"categories":[11,9,3],"tags":[],"views":250,"_links":{"self":[{"href":"https:\/\/www.bahiananoticias.com.br\/v1\/wp-json\/wp\/v2\/posts\/18553"}],"collection":[{"href":"https:\/\/www.bahiananoticias.com.br\/v1\/wp-json\/wp\/v2\/posts"}],"about":[{"href":"https:\/\/www.bahiananoticias.com.br\/v1\/wp-json\/wp\/v2\/types\/post"}],"author":[{"embeddable":true,"href":"https:\/\/www.bahiananoticias.com.br\/v1\/wp-json\/wp\/v2\/users\/2"}],"replies":[{"embeddable":true,"href":"https:\/\/www.bahiananoticias.com.br\/v1\/wp-json\/wp\/v2\/comments?post=18553"}],"version-history":[{"count":2,"href":"https:\/\/www.bahiananoticias.com.br\/v1\/wp-json\/wp\/v2\/posts\/18553\/revisions"}],"predecessor-version":[{"id":21153,"href":"https:\/\/www.bahiananoticias.com.br\/v1\/wp-json\/wp\/v2\/posts\/18553\/revisions\/21153"}],"wp:featuredmedia":[{"embeddable":true,"href":"https:\/\/www.bahiananoticias.com.br\/v1\/wp-json\/wp\/v2\/media\/18556"}],"wp:attachment":[{"href":"https:\/\/www.bahiananoticias.com.br\/v1\/wp-json\/wp\/v2\/media?parent=18553"}],"wp:term":[{"taxonomy":"category","embeddable":true,"href":"https:\/\/www.bahiananoticias.com.br\/v1\/wp-json\/wp\/v2\/categories?post=18553"},{"taxonomy":"post_tag","embeddable":true,"href":"https:\/\/www.bahiananoticias.com.br\/v1\/wp-json\/wp\/v2\/tags?post=18553"}],"curies":[{"name":"wp","href":"https:\/\/api.w.org\/{rel}","templated":true}]}}