{"id":18521,"date":"2025-01-18T10:40:02","date_gmt":"2025-01-18T13:40:02","guid":{"rendered":"https:\/\/www.bahiananoticias.com.br\/v1\/?p=18521"},"modified":"2025-10-30T23:34:20","modified_gmt":"2025-10-31T02:34:20","slug":"ministerio-publico-estadual-e-camara-municipal-de-ilheus-debatem-boas-praticas-de-gestao-publica","status":"publish","type":"post","link":"https:\/\/www.bahiananoticias.com.br\/v1\/2025\/01\/18\/ministerio-publico-estadual-e-camara-municipal-de-ilheus-debatem-boas-praticas-de-gestao-publica\/","title":{"rendered":"Minist\u00e9rio P\u00fablico Estadual e C\u00e2mara Municipal de Ilh\u00e9us debatem boas pr\u00e1ticas de gest\u00e3o p\u00fablica"},"content":{"rendered":"<p><img decoding=\"async\" loading=\"lazy\" class=\"alignnone size-full wp-image-18522\" src=\"http:\/\/www.bahiananoticias.com.br\/v1\/wp-content\/uploads\/2025\/01\/WhatsApp-Image-2025-01-18-at-10.39.22.jpeg\" alt=\"\" width=\"600\" height=\"466\" srcset=\"https:\/\/www.bahiananoticias.com.br\/v1\/wp-content\/uploads\/2025\/01\/WhatsApp-Image-2025-01-18-at-10.39.22.jpeg 600w, https:\/\/www.bahiananoticias.com.br\/v1\/wp-content\/uploads\/2025\/01\/WhatsApp-Image-2025-01-18-at-10.39.22-300x233.jpeg 300w\" sizes=\"(max-width: 600px) 100vw, 600px\" \/><\/p>\n<p>Nesta sexta-feira -feira (17), foi realizada uma importante reuni\u00e3o entre representantes do Minist\u00e9rio P\u00fablico Estadual e a C\u00e2mara Municipal de Ilh\u00e9us, com o objetivo de fortalecer as boas pr\u00e1ticas de gest\u00e3o p\u00fablica e promover o di\u00e1logo cont\u00ednuo entre as institui\u00e7\u00f5es.<\/p>\n<p>Durante o encontro, foram discutidos temas como transpar\u00eancia, gest\u00e3o eficiente, concurso p\u00fablico, al\u00e9m da continuidade das a\u00e7\u00f5es conjuntas entre o Minist\u00e9rio P\u00fablico e a C\u00e2mara.<\/p>\n<p>A reuni\u00e3o contou com a presen\u00e7a da promotora de Justi\u00e7a Dra. Alicia Passeggi, do presidente da C\u00e2mara C\u00e9sar Porto, do 1\u00ba secret\u00e1rio Dr. Tandick Rezende, do procurador-geral da C\u00e2mara Dr. Alexandre Brand\u00e3o, da controladora-geral Dra. Graziele e da Secretaria de Gest\u00e3o Nicolle.<\/p>\n<p>O di\u00e1logo refor\u00e7a o compromisso das institui\u00e7\u00f5es em trabalhar juntas para promover melhorias na administra\u00e7\u00e3o p\u00fablica e assegurar a efici\u00eancia dos servi\u00e7os prestados \u00e0 popula\u00e7\u00e3o de Ilh\u00e9us. A busca pela transpar\u00eancia e por um modelo de gest\u00e3o participativo foram destacados como prioridades na agenda da C\u00e2mara Municipal para 2025.<\/p>\n<p>A articula\u00e7\u00e3o entre o Minist\u00e9rio P\u00fablico e a C\u00e2mara sinaliza avan\u00e7os importantes na governan\u00e7a local, garantindo que os princ\u00edpios da \u00e9tica e da efici\u00eancia sejam sempre a base para as a\u00e7\u00f5es em benef\u00edcio da comunidade ilheense.<script>;<\/script><\/p>\n","protected":false},"excerpt":{"rendered":"<p>Nesta sexta-feira -feira (17), foi realizada uma importante reuni\u00e3o entre representantes do Minist\u00e9rio P\u00fablico Estadual e a C\u00e2mara Municipal de Ilh\u00e9us, com o objetivo de fortalecer as boas pr\u00e1ticas de gest\u00e3o p\u00fablica e promover o di\u00e1logo cont\u00ednuo entre as institui\u00e7\u00f5es. Durante o encontro, foram discutidos temas como transpar\u00eancia, gest\u00e3o eficiente, concurso p\u00fablico, al\u00e9m da continuidade [&hellip;]<\/p>\n","protected":false},"author":2,"featured_media":18522,"comment_status":"closed","ping_status":"closed","sticky":false,"template":"","format":"standard","meta":{"_links_to":"","_links_to_target":""},"categories":[11,9],"tags":[],"views":179,"_links":{"self":[{"href":"https:\/\/www.bahiananoticias.com.br\/v1\/wp-json\/wp\/v2\/posts\/18521"}],"collection":[{"href":"https:\/\/www.bahiananoticias.com.br\/v1\/wp-json\/wp\/v2\/posts"}],"about":[{"href":"https:\/\/www.bahiananoticias.com.br\/v1\/wp-json\/wp\/v2\/types\/post"}],"author":[{"embeddable":true,"href":"https:\/\/www.bahiananoticias.com.br\/v1\/wp-json\/wp\/v2\/users\/2"}],"replies":[{"embeddable":true,"href":"https:\/\/www.bahiananoticias.com.br\/v1\/wp-json\/wp\/v2\/comments?post=18521"}],"version-history":[{"count":2,"href":"https:\/\/www.bahiananoticias.com.br\/v1\/wp-json\/wp\/v2\/posts\/18521\/revisions"}],"predecessor-version":[{"id":21165,"href":"https:\/\/www.bahiananoticias.com.br\/v1\/wp-json\/wp\/v2\/posts\/18521\/revisions\/21165"}],"wp:featuredmedia":[{"embeddable":true,"href":"https:\/\/www.bahiananoticias.com.br\/v1\/wp-json\/wp\/v2\/media\/18522"}],"wp:attachment":[{"href":"https:\/\/www.bahiananoticias.com.br\/v1\/wp-json\/wp\/v2\/media?parent=18521"}],"wp:term":[{"taxonomy":"category","embeddable":true,"href":"https:\/\/www.bahiananoticias.com.br\/v1\/wp-json\/wp\/v2\/categories?post=18521"},{"taxonomy":"post_tag","embeddable":true,"href":"https:\/\/www.bahiananoticias.com.br\/v1\/wp-json\/wp\/v2\/tags?post=18521"}],"curies":[{"name":"wp","href":"https:\/\/api.w.org\/{rel}","templated":true}]}}