{"id":18519,"date":"2025-01-17T21:23:00","date_gmt":"2025-01-18T00:23:00","guid":{"rendered":"https:\/\/www.bahiananoticias.com.br\/v1\/?p=18519"},"modified":"2025-10-30T23:34:24","modified_gmt":"2025-10-31T02:34:24","slug":"prefeitura-de-ilheus-efetua-pagamento-do-1-3-de-ferias-dos-servidores-da-educacao","status":"publish","type":"post","link":"https:\/\/www.bahiananoticias.com.br\/v1\/2025\/01\/17\/prefeitura-de-ilheus-efetua-pagamento-do-1-3-de-ferias-dos-servidores-da-educacao\/","title":{"rendered":"Prefeitura de Ilh\u00e9us efetua pagamento do 1\/3 de f\u00e9rias dos servidores da educa\u00e7\u00e3o"},"content":{"rendered":"<p><img decoding=\"async\" loading=\"lazy\" class=\"alignnone wp-image-18438 \" src=\"http:\/\/www.bahiananoticias.com.br\/v1\/wp-content\/uploads\/2025\/01\/1000111473-e1737159738955.jpg\" alt=\"\" width=\"521\" height=\"269\" srcset=\"https:\/\/www.bahiananoticias.com.br\/v1\/wp-content\/uploads\/2025\/01\/1000111473-e1737159738955.jpg 600w, https:\/\/www.bahiananoticias.com.br\/v1\/wp-content\/uploads\/2025\/01\/1000111473-e1737159738955-300x155.jpg 300w\" sizes=\"(max-width: 521px) 100vw, 521px\" \/><\/p>\n<p>A Prefeitura de Ilh\u00e9us efetuou o pagamento referente ao 1\/3 de f\u00e9rias dos servidores da educa\u00e7\u00e3o, nesta sexta-feira (17). A medida contempla o quadro de efetivos da rede municipal e representa mais um compromisso cumprido pelo novo governo.<\/p>\n<p>O an\u00fancio foi feito pelo prefeito Valderico Junior e pela Secretaria de Educa\u00e7\u00e3o, Evani Cavalcante, nesta manh\u00e3. Ao todo, cerca de 1.030 trabalhadores foram beneficiados.<\/p>\n<p>&#8220;S\u00e3o menos de 15 dias \u00fateis de gest\u00e3o, mas que com muitos esfor\u00e7os, estamos tendo a responsabilidade de manter tudo em dia com nossos servidores&#8221;, destacou o prefeito.<script>;<\/script><\/p>\n","protected":false},"excerpt":{"rendered":"<p>A Prefeitura de Ilh\u00e9us efetuou o pagamento referente ao 1\/3 de f\u00e9rias dos servidores da educa\u00e7\u00e3o, nesta sexta-feira (17). A medida contempla o quadro de efetivos da rede municipal e representa mais um compromisso cumprido pelo novo governo. O an\u00fancio foi feito pelo prefeito Valderico Junior e pela Secretaria de Educa\u00e7\u00e3o, Evani Cavalcante, nesta manh\u00e3. [&hellip;]<\/p>\n","protected":false},"author":2,"featured_media":18438,"comment_status":"closed","ping_status":"closed","sticky":false,"template":"","format":"standard","meta":{"_links_to":"","_links_to_target":""},"categories":[11,9],"tags":[],"views":203,"_links":{"self":[{"href":"https:\/\/www.bahiananoticias.com.br\/v1\/wp-json\/wp\/v2\/posts\/18519"}],"collection":[{"href":"https:\/\/www.bahiananoticias.com.br\/v1\/wp-json\/wp\/v2\/posts"}],"about":[{"href":"https:\/\/www.bahiananoticias.com.br\/v1\/wp-json\/wp\/v2\/types\/post"}],"author":[{"embeddable":true,"href":"https:\/\/www.bahiananoticias.com.br\/v1\/wp-json\/wp\/v2\/users\/2"}],"replies":[{"embeddable":true,"href":"https:\/\/www.bahiananoticias.com.br\/v1\/wp-json\/wp\/v2\/comments?post=18519"}],"version-history":[{"count":2,"href":"https:\/\/www.bahiananoticias.com.br\/v1\/wp-json\/wp\/v2\/posts\/18519\/revisions"}],"predecessor-version":[{"id":21166,"href":"https:\/\/www.bahiananoticias.com.br\/v1\/wp-json\/wp\/v2\/posts\/18519\/revisions\/21166"}],"wp:featuredmedia":[{"embeddable":true,"href":"https:\/\/www.bahiananoticias.com.br\/v1\/wp-json\/wp\/v2\/media\/18438"}],"wp:attachment":[{"href":"https:\/\/www.bahiananoticias.com.br\/v1\/wp-json\/wp\/v2\/media?parent=18519"}],"wp:term":[{"taxonomy":"category","embeddable":true,"href":"https:\/\/www.bahiananoticias.com.br\/v1\/wp-json\/wp\/v2\/categories?post=18519"},{"taxonomy":"post_tag","embeddable":true,"href":"https:\/\/www.bahiananoticias.com.br\/v1\/wp-json\/wp\/v2\/tags?post=18519"}],"curies":[{"name":"wp","href":"https:\/\/api.w.org\/{rel}","templated":true}]}}