{"id":18509,"date":"2025-01-17T21:18:21","date_gmt":"2025-01-18T00:18:21","guid":{"rendered":"https:\/\/www.bahiananoticias.com.br\/v1\/?p=18509"},"modified":"2025-10-30T23:34:36","modified_gmt":"2025-10-31T02:34:36","slug":"vereador-neto-da-saude-mostra-servico-e-garante-melhorias-para-o-centro-da-cidade","status":"publish","type":"post","link":"https:\/\/www.bahiananoticias.com.br\/v1\/2025\/01\/17\/vereador-neto-da-saude-mostra-servico-e-garante-melhorias-para-o-centro-da-cidade\/","title":{"rendered":"Vereador Neto da Sa\u00fade Mostra Servi\u00e7o e Garante Melhorias para o Centro da Cidade"},"content":{"rendered":"<p><img decoding=\"async\" loading=\"lazy\" class=\"alignnone size-full wp-image-18511\" src=\"http:\/\/www.bahiananoticias.com.br\/v1\/wp-content\/uploads\/2025\/01\/xx.jpg\" alt=\"\" width=\"600\" height=\"278\" srcset=\"https:\/\/www.bahiananoticias.com.br\/v1\/wp-content\/uploads\/2025\/01\/xx.jpg 600w, https:\/\/www.bahiananoticias.com.br\/v1\/wp-content\/uploads\/2025\/01\/xx-300x139.jpg 300w\" sizes=\"(max-width: 600px) 100vw, 600px\" \/><\/p>\n<p>O vereador Neto da Sa\u00fade mais uma vez mostra seu compromisso com a popula\u00e7\u00e3o. Ap\u00f3s receber diversas solicita\u00e7\u00f5es de moradores e comerciantes de v\u00e1rias ruas do Centro, Neto se reuniu com o Secret\u00e1rio de Infraestrutura e Defesa Civil, Gabriel Cerqueira. A reuni\u00e3o foi produtiva e resultou no atendimento imediato das demandas apresentadas pelo vereador.<\/p>\n<p>Ao todo, 11 ruas foram inclu\u00eddas no plano inicial de recupera\u00e7\u00e3o e manuten\u00e7\u00e3o:<\/p>\n<p>\u2022 Rua L\u00facio Bitencourt (Bairro Pacheco)<\/p>\n<p>\u2022 Rua Gilberto Levita (Bairro Teres\u00f3polis)<\/p>\n<p>\u2022 Ladeira Teres\u00f3polis (Bairro Teres\u00f3polis)<\/p>\n<p>\u2022 Avenida Itabuna (Centro)<\/p>\n<p>\u2022 Rua Ana Neri (Centro)<\/p>\n<p>\u2022 Pra\u00e7a Cairu (Centro)<\/p>\n<p>\u2022 Rua Ara\u00fajo Pinho (Centro)<\/p>\n<p>\u2022 Rua Firmino El\u00f3i (Feira da Guanabara)<\/p>\n<p>\u2022 Rua Vereador Marcos Paiva (Centro)<\/p>\n<p>\u2022 Rua Joana Ang\u00e9lica (Centro)<\/p>\n<p>\u2022 Avenida Belmonte (Centro)<\/p>\n<p>&nbsp;<\/p>\n<p>O vereador destacou sua parceria com o prefeito Valderico Junior no projeto de reconstru\u00e7\u00e3o da cidade. Segundo Neto da Sa\u00fade, o mandato est\u00e1 \u00e0 disposi\u00e7\u00e3o para somar for\u00e7as em busca de uma Ilh\u00e9us mais estruturada e acolhedora para todos.<\/p>\n<p>\u201cO prefeito Valderico Junior pode contar com nosso apoio. Juntos, vamos reconstruir nossa cidade. Ele tem nosso mandato \u00e0 disposi\u00e7\u00e3o. Vamos trabalhar para tornar Ilh\u00e9us um lugar muito melhor para se viver. Os moradores e comerciantes do centro podem sempre contar conosco\u201d, afirmou Neto.<\/p>\n<p>&nbsp;<script>;<\/script><\/p>\n","protected":false},"excerpt":{"rendered":"<p>O vereador Neto da Sa\u00fade mais uma vez mostra seu compromisso com a popula\u00e7\u00e3o. Ap\u00f3s receber diversas solicita\u00e7\u00f5es de moradores e comerciantes de v\u00e1rias ruas do Centro, Neto se reuniu com o Secret\u00e1rio de Infraestrutura e Defesa Civil, Gabriel Cerqueira. A reuni\u00e3o foi produtiva e resultou no atendimento imediato das demandas apresentadas pelo vereador. Ao [&hellip;]<\/p>\n","protected":false},"author":2,"featured_media":18511,"comment_status":"closed","ping_status":"closed","sticky":false,"template":"","format":"standard","meta":{"_links_to":"","_links_to_target":""},"categories":[11,9],"tags":[],"views":194,"_links":{"self":[{"href":"https:\/\/www.bahiananoticias.com.br\/v1\/wp-json\/wp\/v2\/posts\/18509"}],"collection":[{"href":"https:\/\/www.bahiananoticias.com.br\/v1\/wp-json\/wp\/v2\/posts"}],"about":[{"href":"https:\/\/www.bahiananoticias.com.br\/v1\/wp-json\/wp\/v2\/types\/post"}],"author":[{"embeddable":true,"href":"https:\/\/www.bahiananoticias.com.br\/v1\/wp-json\/wp\/v2\/users\/2"}],"replies":[{"embeddable":true,"href":"https:\/\/www.bahiananoticias.com.br\/v1\/wp-json\/wp\/v2\/comments?post=18509"}],"version-history":[{"count":2,"href":"https:\/\/www.bahiananoticias.com.br\/v1\/wp-json\/wp\/v2\/posts\/18509\/revisions"}],"predecessor-version":[{"id":21169,"href":"https:\/\/www.bahiananoticias.com.br\/v1\/wp-json\/wp\/v2\/posts\/18509\/revisions\/21169"}],"wp:featuredmedia":[{"embeddable":true,"href":"https:\/\/www.bahiananoticias.com.br\/v1\/wp-json\/wp\/v2\/media\/18511"}],"wp:attachment":[{"href":"https:\/\/www.bahiananoticias.com.br\/v1\/wp-json\/wp\/v2\/media?parent=18509"}],"wp:term":[{"taxonomy":"category","embeddable":true,"href":"https:\/\/www.bahiananoticias.com.br\/v1\/wp-json\/wp\/v2\/categories?post=18509"},{"taxonomy":"post_tag","embeddable":true,"href":"https:\/\/www.bahiananoticias.com.br\/v1\/wp-json\/wp\/v2\/tags?post=18509"}],"curies":[{"name":"wp","href":"https:\/\/api.w.org\/{rel}","templated":true}]}}