{"id":18486,"date":"2025-01-16T10:37:08","date_gmt":"2025-01-16T13:37:08","guid":{"rendered":"https:\/\/www.bahiananoticias.com.br\/v1\/?p=18486"},"modified":"2025-10-30T23:35:00","modified_gmt":"2025-10-31T02:35:00","slug":"prefeitura-de-ilheus-e-sinec-dialogam-sobre-a-semana-de-inovacao-2025","status":"publish","type":"post","link":"https:\/\/www.bahiananoticias.com.br\/v1\/2025\/01\/16\/prefeitura-de-ilheus-e-sinec-dialogam-sobre-a-semana-de-inovacao-2025\/","title":{"rendered":"Prefeitura de Ilh\u00e9us e Sinec dialogam sobre a Semana de Inova\u00e7\u00e3o 2025"},"content":{"rendered":"<p><img decoding=\"async\" loading=\"lazy\" class=\"alignnone size-full wp-image-18487\" src=\"http:\/\/www.bahiananoticias.com.br\/v1\/wp-content\/uploads\/2025\/01\/xx.jpeg\" alt=\"\" width=\"600\" height=\"450\" srcset=\"https:\/\/www.bahiananoticias.com.br\/v1\/wp-content\/uploads\/2025\/01\/xx.jpeg 600w, https:\/\/www.bahiananoticias.com.br\/v1\/wp-content\/uploads\/2025\/01\/xx-300x225.jpeg 300w\" sizes=\"(max-width: 600px) 100vw, 600px\" \/><\/p>\n<p>&nbsp;<\/p>\n<p>Nesta quarta-feira (15), o prefeito de Ilh\u00e9us, Valderico Junior, se reuniu com representantes do Sindicato das Ind\u00fastrias de Eletroeletr\u00f4nicos (SINEC) e da Secretaria de Desenvolvimento Econ\u00f4mico e Inova\u00e7\u00e3o (SDEI) para tratar dos preparativos da Semana de Inova\u00e7\u00e3o de Ilh\u00e9us 2025. O evento, considerado como o maior de tecnologia e inova\u00e7\u00e3o da Bahia, fomenta neg\u00f3cios inovadores e demonstra o potencial tecnol\u00f3gico da cidade e regi\u00e3o.<\/p>\n<p>Estiveram presentes no encontro, Silvio Comin, presidente do SINEC, e Tatiara Santos, assessora do sindicato, al\u00e9m de Paulo Ganem, secret\u00e1rio de Desenvolvimento Econ\u00f4mico e Inova\u00e7\u00e3o, e Jurandir Hendler, superintendente da pasta.<\/p>\n<p>A Semana de Inova\u00e7\u00e3o de Ilh\u00e9us \u00e9 um espa\u00e7o que conecta ind\u00fastria, com\u00e9rcio, servi\u00e7os, turismo, economia criativa e institui\u00e7\u00f5es de ensino e pesquisa. Sua programa\u00e7\u00e3o inclui palestras, oficinas, workshops, laborat\u00f3rios e uma feira expositiva, fortalecendo Ilh\u00e9us como um polo de tecnologia e inova\u00e7\u00e3o no estado.<\/p>\n<p>Durante a reuni\u00e3o, foi apresentado ao prefeito o hist\u00f3rico de sucesso do evento, incluindo a conquista do Pr\u00eamio Por Ti Bahia 2024, concedido pela ASSESPRO-BA, que reconheceu a Semana como um marco no ecossistema de inova\u00e7\u00e3o da regi\u00e3o.<\/p>\n<p>Normalmente realizada em maio, a Semana de Inova\u00e7\u00e3o \u00e9 organizada pelo Conselho Municipal de Ci\u00eancia, Tecnologia e Inova\u00e7\u00e3o de Ilh\u00e9us, SINEC, SEBRAE, PCTSul, CEPEDI e pela SDEI, contando com o apoio de empresas e institui\u00e7\u00f5es p\u00fablicas e privadas.<\/p>\n<p>O prefeito Valderico Junior enfatizou a import\u00e2ncia do evento para a cidade e assumiu o compromisso de viabilizar sua realiza\u00e7\u00e3o em 2025. O gestor municipal solicitou que, na pr\u00f3xima semana, a organiza\u00e7\u00e3o apresente um projeto executivo detalhando os custos e recursos necess\u00e1rios.<\/p>\n<p>&nbsp;<\/p>\n<p>&nbsp;<script>;<\/script><\/p>\n","protected":false},"excerpt":{"rendered":"<p>&nbsp; Nesta quarta-feira (15), o prefeito de Ilh\u00e9us, Valderico Junior, se reuniu com representantes do Sindicato das Ind\u00fastrias de Eletroeletr\u00f4nicos (SINEC) e da Secretaria de Desenvolvimento Econ\u00f4mico e Inova\u00e7\u00e3o (SDEI) para tratar dos preparativos da Semana de Inova\u00e7\u00e3o de Ilh\u00e9us 2025. O evento, considerado como o maior de tecnologia e inova\u00e7\u00e3o da Bahia, fomenta neg\u00f3cios [&hellip;]<\/p>\n","protected":false},"author":2,"featured_media":18487,"comment_status":"closed","ping_status":"closed","sticky":false,"template":"","format":"standard","meta":{"_links_to":"","_links_to_target":""},"categories":[11,9,4],"tags":[],"views":180,"_links":{"self":[{"href":"https:\/\/www.bahiananoticias.com.br\/v1\/wp-json\/wp\/v2\/posts\/18486"}],"collection":[{"href":"https:\/\/www.bahiananoticias.com.br\/v1\/wp-json\/wp\/v2\/posts"}],"about":[{"href":"https:\/\/www.bahiananoticias.com.br\/v1\/wp-json\/wp\/v2\/types\/post"}],"author":[{"embeddable":true,"href":"https:\/\/www.bahiananoticias.com.br\/v1\/wp-json\/wp\/v2\/users\/2"}],"replies":[{"embeddable":true,"href":"https:\/\/www.bahiananoticias.com.br\/v1\/wp-json\/wp\/v2\/comments?post=18486"}],"version-history":[{"count":2,"href":"https:\/\/www.bahiananoticias.com.br\/v1\/wp-json\/wp\/v2\/posts\/18486\/revisions"}],"predecessor-version":[{"id":21175,"href":"https:\/\/www.bahiananoticias.com.br\/v1\/wp-json\/wp\/v2\/posts\/18486\/revisions\/21175"}],"wp:featuredmedia":[{"embeddable":true,"href":"https:\/\/www.bahiananoticias.com.br\/v1\/wp-json\/wp\/v2\/media\/18487"}],"wp:attachment":[{"href":"https:\/\/www.bahiananoticias.com.br\/v1\/wp-json\/wp\/v2\/media?parent=18486"}],"wp:term":[{"taxonomy":"category","embeddable":true,"href":"https:\/\/www.bahiananoticias.com.br\/v1\/wp-json\/wp\/v2\/categories?post=18486"},{"taxonomy":"post_tag","embeddable":true,"href":"https:\/\/www.bahiananoticias.com.br\/v1\/wp-json\/wp\/v2\/tags?post=18486"}],"curies":[{"name":"wp","href":"https:\/\/api.w.org\/{rel}","templated":true}]}}