{"id":1831,"date":"2020-11-24T10:44:17","date_gmt":"2020-11-24T13:44:17","guid":{"rendered":"https:\/\/www.bahiananoticias.com.br\/v1\/?p=1831"},"modified":"2020-11-24T10:44:17","modified_gmt":"2020-11-24T13:44:17","slug":"nao-existe-prorrogacao-do-auxilio-emergencial-diz-paulo-guedes","status":"publish","type":"post","link":"https:\/\/www.bahiananoticias.com.br\/v1\/2020\/11\/24\/nao-existe-prorrogacao-do-auxilio-emergencial-diz-paulo-guedes\/","title":{"rendered":"&#8220;N\u00c3O EXISTE PRORROGA\u00c7\u00c3O DO AUX\u00cdLIO EMERGENCIAL&#8221;, DIZ PAULO GUEDES"},"content":{"rendered":"<p><img decoding=\"async\" loading=\"lazy\" class=\"aligncenter size-full wp-image-1832\" src=\"https:\/\/www.bahiananoticias.com.br\/v1\/wp-content\/uploads\/2020\/11\/PAULO-GUEDES.jpg\" alt=\"\" width=\"380\" height=\"280\" srcset=\"https:\/\/www.bahiananoticias.com.br\/v1\/wp-content\/uploads\/2020\/11\/PAULO-GUEDES.jpg 380w, https:\/\/www.bahiananoticias.com.br\/v1\/wp-content\/uploads\/2020\/11\/PAULO-GUEDES-300x221.jpg 300w\" sizes=\"(max-width: 380px) 100vw, 380px\" \/><\/p>\n<p>O ministro da Economia, Paulo Guedes, descartou a possibilidade de uma nova prorroga\u00e7\u00e3o do aux\u00edlio emergencial. Segundo ele, o benef\u00edcio dever\u00e1 ser extinto no final do ano.\u201cOs fatos s\u00e3o que a doen\u00e7a cedeu bastante e a economia voltou com muita for\u00e7a. Do ponto de vista do governo, n\u00e3o existe prorroga\u00e7\u00e3o de aux\u00edlio emergencial\u201d, afirmou disse em evento virtual.<\/p>\n<p>O ministro ainda garantiu que vai atuar com \u201cevid\u00eancias emp\u00edricas\u201d e que h\u00e1 muita press\u00e3o pol\u00edtica pela prorroga\u00e7\u00e3o do aux\u00edlio emergencial. \u201cEstamos preparados para reagir, mas n\u00e3o adianta criar fatos que n\u00e3o existem. Se tiver segunda onda [da pandemia], j\u00e1 sabemos como reagir, o que funcionou e o que n\u00e3o funcionou, sabemos o nome dos benefici\u00e1rios que realmente precisam\u201d, completou.<!--more--><\/p>\n<p>O pagamento do aux\u00edlio no valor de R$ 600 foi iniciado em mar\u00e7o e assim permaneceu at\u00e9 setembro. Uma nova prorroga\u00e7\u00e3o at\u00e9 dezembro reduziu o valor a R$ 300.<\/p>\n<p>Guedes admitiu, mais cedo, que est\u00e1 havendo repique de cont\u00e1gio do novo coronav\u00edrus, mas negou que j\u00e1 haja uma segunda onda da pandemia no Brasil. Segundo ele, se houver uma segunda onda no Brasil, o governo agir\u00e1 com a mesma &#8220;determina\u00e7\u00e3o&#8221;, mas \u00e9 preciso ter &#8220;base emp\u00edrica&#8221;.<\/p>\n<p>\u201cParece que est\u00e1 havendo repiques. S\u00e3o ciclos, vamos observar. Fato \u00e9 que a doen\u00e7a cedeu substancialmente. As pessoas sa\u00edram mais, se descuidaram um pouco. Mas tem caracter\u00edsticas sazonais da doen\u00e7a, estamos entrando no ver\u00e3o, vamos observar um pouco. N\u00f3s que n\u00e3o somos especialistas\u201d.<\/p>\n","protected":false},"excerpt":{"rendered":"<p>O ministro da Economia, Paulo Guedes, descartou a possibilidade de uma nova prorroga\u00e7\u00e3o do aux\u00edlio emergencial. Segundo ele, o benef\u00edcio dever\u00e1 ser extinto no final do ano.\u201cOs fatos s\u00e3o que a doen\u00e7a cedeu bastante e a economia voltou com muita for\u00e7a. Do ponto de vista do governo, n\u00e3o existe prorroga\u00e7\u00e3o de aux\u00edlio emergencial\u201d, afirmou disse [&hellip;]<\/p>\n","protected":false},"author":2,"featured_media":1832,"comment_status":"closed","ping_status":"closed","sticky":false,"template":"","format":"standard","meta":{"_links_to":"","_links_to_target":""},"categories":[9],"tags":[],"views":452,"_links":{"self":[{"href":"https:\/\/www.bahiananoticias.com.br\/v1\/wp-json\/wp\/v2\/posts\/1831"}],"collection":[{"href":"https:\/\/www.bahiananoticias.com.br\/v1\/wp-json\/wp\/v2\/posts"}],"about":[{"href":"https:\/\/www.bahiananoticias.com.br\/v1\/wp-json\/wp\/v2\/types\/post"}],"author":[{"embeddable":true,"href":"https:\/\/www.bahiananoticias.com.br\/v1\/wp-json\/wp\/v2\/users\/2"}],"replies":[{"embeddable":true,"href":"https:\/\/www.bahiananoticias.com.br\/v1\/wp-json\/wp\/v2\/comments?post=1831"}],"version-history":[{"count":1,"href":"https:\/\/www.bahiananoticias.com.br\/v1\/wp-json\/wp\/v2\/posts\/1831\/revisions"}],"predecessor-version":[{"id":1833,"href":"https:\/\/www.bahiananoticias.com.br\/v1\/wp-json\/wp\/v2\/posts\/1831\/revisions\/1833"}],"wp:featuredmedia":[{"embeddable":true,"href":"https:\/\/www.bahiananoticias.com.br\/v1\/wp-json\/wp\/v2\/media\/1832"}],"wp:attachment":[{"href":"https:\/\/www.bahiananoticias.com.br\/v1\/wp-json\/wp\/v2\/media?parent=1831"}],"wp:term":[{"taxonomy":"category","embeddable":true,"href":"https:\/\/www.bahiananoticias.com.br\/v1\/wp-json\/wp\/v2\/categories?post=1831"},{"taxonomy":"post_tag","embeddable":true,"href":"https:\/\/www.bahiananoticias.com.br\/v1\/wp-json\/wp\/v2\/tags?post=1831"}],"curies":[{"name":"wp","href":"https:\/\/api.w.org\/{rel}","templated":true}]}}