{"id":1817,"date":"2020-11-24T10:10:22","date_gmt":"2020-11-24T13:10:22","guid":{"rendered":"https:\/\/www.bahiananoticias.com.br\/v1\/?p=1817"},"modified":"2020-11-24T10:10:22","modified_gmt":"2020-11-24T13:10:22","slug":"recursos-nao-utilizados-da-lei-aldir-blanc-deverao-ser-devolvidos","status":"publish","type":"post","link":"https:\/\/www.bahiananoticias.com.br\/v1\/2020\/11\/24\/recursos-nao-utilizados-da-lei-aldir-blanc-deverao-ser-devolvidos\/","title":{"rendered":"RECURSOS N\u00c3O UTILIZADOS DA LEI ALDIR BLANC DEVER\u00c3O SER DEVOLVIDOS"},"content":{"rendered":"<p><img decoding=\"async\" loading=\"lazy\" class=\"aligncenter  wp-image-815\" src=\"https:\/\/www.bahiananoticias.com.br\/v1\/wp-content\/uploads\/2020\/10\/1597239900.jpeg\" alt=\"\" width=\"449\" height=\"299\" srcset=\"https:\/\/www.bahiananoticias.com.br\/v1\/wp-content\/uploads\/2020\/10\/1597239900.jpeg 570w, https:\/\/www.bahiananoticias.com.br\/v1\/wp-content\/uploads\/2020\/10\/1597239900-300x200.jpeg 300w\" sizes=\"(max-width: 449px) 100vw, 449px\" \/><\/p>\n<p>A C\u00e2mara dos Deputados aprovou Medida Provis\u00f3ria\u00a0que estabelece 120 dias para estados e o Distrito Federal devolverem \u00e0 Uni\u00e3o recursos n\u00e3o usados do aux\u00edlio emergencial ao setor cultural devido \u00e0 pandemia de covid-19. A mat\u00e9ria segue para o Senado.<\/p>\n<p>Sancionada pelo presidente Jair Bolsonaro, a Lei Aldir Blanc prev\u00ea o pagamento de tr\u00eas parcelas de um aux\u00edlio emergencial de R$ 600 mensais para os trabalhadores da \u00e1rea cultural, al\u00e9m de um subs\u00eddio para manuten\u00e7\u00e3o de espa\u00e7os art\u00edsticos e culturais, microempresas e pequenas empresas culturais, cooperativas e organiza\u00e7\u00f5es comunit\u00e1rias. Esse subs\u00eddio mensal ter\u00e1 valor entre R$ 3 mil e R$ 10 mil, de acordo com crit\u00e9rios estabelecidos pelos gestores locais.<\/p>\n<p>A lei j\u00e1 determinava que os munic\u00edpios tinham prazo de at\u00e9 60 dias destinarem os recursos, caso contr\u00e1rio, os valores dever\u00e3o ser automaticamente revertidos ao fundo estadual de cultura ou \u00e0 entidade estadual respons\u00e1vel pela gest\u00e3o desses recursos. A Lei Aldir Blanc, no entanto, n\u00e3o mencionava prazo limite para que estados e o DF usem os recursos. Um novo regulamento definir\u00e1 a forma e o prazo para devolu\u00e7\u00e3o ao governo federal.<\/p>\n","protected":false},"excerpt":{"rendered":"<p>A C\u00e2mara dos Deputados aprovou Medida Provis\u00f3ria\u00a0que estabelece 120 dias para estados e o Distrito Federal devolverem \u00e0 Uni\u00e3o recursos n\u00e3o usados do aux\u00edlio emergencial ao setor cultural devido \u00e0 pandemia de covid-19. A mat\u00e9ria segue para o Senado. Sancionada pelo presidente Jair Bolsonaro, a Lei Aldir Blanc prev\u00ea o pagamento de tr\u00eas parcelas de [&hellip;]<\/p>\n","protected":false},"author":2,"featured_media":815,"comment_status":"closed","ping_status":"closed","sticky":false,"template":"","format":"standard","meta":{"_links_to":"","_links_to_target":""},"categories":[9],"tags":[],"views":445,"_links":{"self":[{"href":"https:\/\/www.bahiananoticias.com.br\/v1\/wp-json\/wp\/v2\/posts\/1817"}],"collection":[{"href":"https:\/\/www.bahiananoticias.com.br\/v1\/wp-json\/wp\/v2\/posts"}],"about":[{"href":"https:\/\/www.bahiananoticias.com.br\/v1\/wp-json\/wp\/v2\/types\/post"}],"author":[{"embeddable":true,"href":"https:\/\/www.bahiananoticias.com.br\/v1\/wp-json\/wp\/v2\/users\/2"}],"replies":[{"embeddable":true,"href":"https:\/\/www.bahiananoticias.com.br\/v1\/wp-json\/wp\/v2\/comments?post=1817"}],"version-history":[{"count":1,"href":"https:\/\/www.bahiananoticias.com.br\/v1\/wp-json\/wp\/v2\/posts\/1817\/revisions"}],"predecessor-version":[{"id":1819,"href":"https:\/\/www.bahiananoticias.com.br\/v1\/wp-json\/wp\/v2\/posts\/1817\/revisions\/1819"}],"wp:featuredmedia":[{"embeddable":true,"href":"https:\/\/www.bahiananoticias.com.br\/v1\/wp-json\/wp\/v2\/media\/815"}],"wp:attachment":[{"href":"https:\/\/www.bahiananoticias.com.br\/v1\/wp-json\/wp\/v2\/media?parent=1817"}],"wp:term":[{"taxonomy":"category","embeddable":true,"href":"https:\/\/www.bahiananoticias.com.br\/v1\/wp-json\/wp\/v2\/categories?post=1817"},{"taxonomy":"post_tag","embeddable":true,"href":"https:\/\/www.bahiananoticias.com.br\/v1\/wp-json\/wp\/v2\/tags?post=1817"}],"curies":[{"name":"wp","href":"https:\/\/api.w.org\/{rel}","templated":true}]}}