{"id":18155,"date":"2024-10-28T19:06:43","date_gmt":"2024-10-28T22:06:43","guid":{"rendered":"https:\/\/www.bahiananoticias.com.br\/v1\/?p=18155"},"modified":"2025-10-30T23:42:25","modified_gmt":"2025-10-31T02:42:25","slug":"valderico-junior-e-mario-alexandre-abrem-caminho-para-uma-transicao-de-governo-tranquila-em-ilheus","status":"publish","type":"post","link":"https:\/\/www.bahiananoticias.com.br\/v1\/2024\/10\/28\/valderico-junior-e-mario-alexandre-abrem-caminho-para-uma-transicao-de-governo-tranquila-em-ilheus\/","title":{"rendered":"Valderico Junior e M\u00e1rio Alexandre Abrem Caminho para uma Transi\u00e7\u00e3o de Governo Tranquila em Ilh\u00e9us"},"content":{"rendered":"<p style=\"text-align: left;\"><img decoding=\"async\" loading=\"lazy\" class=\"alignnone size-full wp-image-18156 aligncenter\" src=\"http:\/\/www.bahiananoticias.com.br\/v1\/wp-content\/uploads\/2024\/10\/Captura-de-tela-2024-10-28-184449.jpg\" alt=\"\" width=\"510\" height=\"382\" srcset=\"https:\/\/www.bahiananoticias.com.br\/v1\/wp-content\/uploads\/2024\/10\/Captura-de-tela-2024-10-28-184449.jpg 510w, https:\/\/www.bahiananoticias.com.br\/v1\/wp-content\/uploads\/2024\/10\/Captura-de-tela-2024-10-28-184449-300x225.jpg 300w\" sizes=\"(max-width: 510px) 100vw, 510px\" \/><\/p>\n<p style=\"text-align: left;\">Na sexta-feira (25), o prefeito eleito de Ilh\u00e9us, Valderico Junior, e o atual prefeito, M\u00e1rio Alexandre, realizaram o primeiro encontro para dar in\u00edcio ao processo de transi\u00e7\u00e3o de governo. Em uma reuni\u00e3o pautada pelo respeito e pelo compromisso com a popula\u00e7\u00e3o, ambos expressaram sua disposi\u00e7\u00e3o em garantir uma transfer\u00eancia de gest\u00e3o harmoniosa e construtiva para o munic\u00edpio.<\/p>\n<p>O principal objetivo dessa reuni\u00e3o foi estabelecer as bases para uma transi\u00e7\u00e3o eficiente e bem estruturada. A administra\u00e7\u00e3o atual se prontificou a colaborar plenamente, disponibilizando todas as informa\u00e7\u00f5es e dados necess\u00e1rios para que a equipe de Valderico possa planejar as pr\u00f3ximas a\u00e7\u00f5es de forma precisa e organizada. Essa troca permitir\u00e1 \u00e0 nova gest\u00e3o avaliar prioridades e identificar \u00e1reas que precisem de ajustes para assegurar a continuidade dos servi\u00e7os p\u00fablicos.<script>;<\/script><\/p>\n","protected":false},"excerpt":{"rendered":"<p>Na sexta-feira (25), o prefeito eleito de Ilh\u00e9us, Valderico Junior, e o atual prefeito, M\u00e1rio Alexandre, realizaram o primeiro encontro para dar in\u00edcio ao processo de transi\u00e7\u00e3o de governo. Em uma reuni\u00e3o pautada pelo respeito e pelo compromisso com a popula\u00e7\u00e3o, ambos expressaram sua disposi\u00e7\u00e3o em garantir uma transfer\u00eancia de gest\u00e3o harmoniosa e construtiva para [&hellip;]<\/p>\n","protected":false},"author":2,"featured_media":18156,"comment_status":"closed","ping_status":"closed","sticky":false,"template":"","format":"standard","meta":{"_links_to":"","_links_to_target":""},"categories":[1],"tags":[],"views":191,"_links":{"self":[{"href":"https:\/\/www.bahiananoticias.com.br\/v1\/wp-json\/wp\/v2\/posts\/18155"}],"collection":[{"href":"https:\/\/www.bahiananoticias.com.br\/v1\/wp-json\/wp\/v2\/posts"}],"about":[{"href":"https:\/\/www.bahiananoticias.com.br\/v1\/wp-json\/wp\/v2\/types\/post"}],"author":[{"embeddable":true,"href":"https:\/\/www.bahiananoticias.com.br\/v1\/wp-json\/wp\/v2\/users\/2"}],"replies":[{"embeddable":true,"href":"https:\/\/www.bahiananoticias.com.br\/v1\/wp-json\/wp\/v2\/comments?post=18155"}],"version-history":[{"count":2,"href":"https:\/\/www.bahiananoticias.com.br\/v1\/wp-json\/wp\/v2\/posts\/18155\/revisions"}],"predecessor-version":[{"id":21287,"href":"https:\/\/www.bahiananoticias.com.br\/v1\/wp-json\/wp\/v2\/posts\/18155\/revisions\/21287"}],"wp:featuredmedia":[{"embeddable":true,"href":"https:\/\/www.bahiananoticias.com.br\/v1\/wp-json\/wp\/v2\/media\/18156"}],"wp:attachment":[{"href":"https:\/\/www.bahiananoticias.com.br\/v1\/wp-json\/wp\/v2\/media?parent=18155"}],"wp:term":[{"taxonomy":"category","embeddable":true,"href":"https:\/\/www.bahiananoticias.com.br\/v1\/wp-json\/wp\/v2\/categories?post=18155"},{"taxonomy":"post_tag","embeddable":true,"href":"https:\/\/www.bahiananoticias.com.br\/v1\/wp-json\/wp\/v2\/tags?post=18155"}],"curies":[{"name":"wp","href":"https:\/\/api.w.org\/{rel}","templated":true}]}}