{"id":18004,"date":"2024-06-20T17:33:09","date_gmt":"2024-06-20T20:33:09","guid":{"rendered":"https:\/\/www.bahiananoticias.com.br\/v1\/?p=18004"},"modified":"2025-10-30T23:45:25","modified_gmt":"2025-10-31T02:45:25","slug":"homicida-do-espirito-santo-estava-nas-ruas-do-centro-de-ilheus","status":"publish","type":"post","link":"https:\/\/www.bahiananoticias.com.br\/v1\/2024\/06\/20\/homicida-do-espirito-santo-estava-nas-ruas-do-centro-de-ilheus\/","title":{"rendered":"Homicida do Esp\u00edrito Santo estava nas ruas do centro de Ilh\u00e9us"},"content":{"rendered":"<p><img decoding=\"async\" loading=\"lazy\" class=\"alignnone size-full wp-image-18005\" src=\"http:\/\/www.bahiananoticias.com.br\/v1\/wp-content\/uploads\/2024\/06\/IMG-20240620-WA0119.jpg\" alt=\"\" width=\"375\" height=\"500\" srcset=\"https:\/\/www.bahiananoticias.com.br\/v1\/wp-content\/uploads\/2024\/06\/IMG-20240620-WA0119.jpg 375w, https:\/\/www.bahiananoticias.com.br\/v1\/wp-content\/uploads\/2024\/06\/IMG-20240620-WA0119-225x300.jpg 225w\" sizes=\"(max-width: 375px) 100vw, 375px\" \/><\/p>\n<p>Por volta de 08h15 desta quinta-feira (20), uma guarni\u00e7\u00e3o a bordo da viatura do 1\u00ba Pelot\u00e3o comandada pelo competente Tenente Malherbe logrou \u00eaxito na pris\u00e3o de F\u00e1bio Alves Costa, vulgo Gardenal.<\/p>\n<p>Contra ele, havia mandado de pris\u00e3o em aberto, expedido pelo Juiz de Direito do Esp\u00edrito Santo pelo crime de homic\u00eddio, previsto no artigo 121, no C\u00f3digo Penal Brasileiro.<\/p>\n<p>Informa\u00e7\u00f5es colhidas pelo Jornalismo Investigativo do F\u00e1bio Roberto Not\u00edcias apontam que Gardenal se fazia passar por morador de rua, na tentativa de despistar as autoridades.<\/p>\n<p>Colocado no fundo do cambur\u00e3o, F\u00e1bio foi encaminhado para o plant\u00e3o policial da 7\u00aa COORPIN, onde ficou preso \u00e0 disposi\u00e7\u00e3o da justi\u00e7a.<\/p>\n<p><strong>Texto: F\u00e1bio Roberto Not\u00edcias<\/strong><script>;<\/script><\/p>\n","protected":false},"excerpt":{"rendered":"<p>Por volta de 08h15 desta quinta-feira (20), uma guarni\u00e7\u00e3o a bordo da viatura do 1\u00ba Pelot\u00e3o comandada pelo competente Tenente Malherbe logrou \u00eaxito na pris\u00e3o de F\u00e1bio Alves Costa, vulgo Gardenal. Contra ele, havia mandado de pris\u00e3o em aberto, expedido pelo Juiz de Direito do Esp\u00edrito Santo pelo crime de homic\u00eddio, previsto no artigo 121, [&hellip;]<\/p>\n","protected":false},"author":2,"featured_media":18005,"comment_status":"closed","ping_status":"closed","sticky":false,"template":"","format":"standard","meta":{"_links_to":"","_links_to_target":""},"categories":[11],"tags":[],"views":308,"_links":{"self":[{"href":"https:\/\/www.bahiananoticias.com.br\/v1\/wp-json\/wp\/v2\/posts\/18004"}],"collection":[{"href":"https:\/\/www.bahiananoticias.com.br\/v1\/wp-json\/wp\/v2\/posts"}],"about":[{"href":"https:\/\/www.bahiananoticias.com.br\/v1\/wp-json\/wp\/v2\/types\/post"}],"author":[{"embeddable":true,"href":"https:\/\/www.bahiananoticias.com.br\/v1\/wp-json\/wp\/v2\/users\/2"}],"replies":[{"embeddable":true,"href":"https:\/\/www.bahiananoticias.com.br\/v1\/wp-json\/wp\/v2\/comments?post=18004"}],"version-history":[{"count":2,"href":"https:\/\/www.bahiananoticias.com.br\/v1\/wp-json\/wp\/v2\/posts\/18004\/revisions"}],"predecessor-version":[{"id":21330,"href":"https:\/\/www.bahiananoticias.com.br\/v1\/wp-json\/wp\/v2\/posts\/18004\/revisions\/21330"}],"wp:featuredmedia":[{"embeddable":true,"href":"https:\/\/www.bahiananoticias.com.br\/v1\/wp-json\/wp\/v2\/media\/18005"}],"wp:attachment":[{"href":"https:\/\/www.bahiananoticias.com.br\/v1\/wp-json\/wp\/v2\/media?parent=18004"}],"wp:term":[{"taxonomy":"category","embeddable":true,"href":"https:\/\/www.bahiananoticias.com.br\/v1\/wp-json\/wp\/v2\/categories?post=18004"},{"taxonomy":"post_tag","embeddable":true,"href":"https:\/\/www.bahiananoticias.com.br\/v1\/wp-json\/wp\/v2\/tags?post=18004"}],"curies":[{"name":"wp","href":"https:\/\/api.w.org\/{rel}","templated":true}]}}