{"id":17958,"date":"2024-06-12T18:32:13","date_gmt":"2024-06-12T21:32:13","guid":{"rendered":"https:\/\/www.bahiananoticias.com.br\/v1\/?p=17958"},"modified":"2025-10-30T23:46:16","modified_gmt":"2025-10-31T02:46:16","slug":"camara-de-ilheus-aprova-projeto-de-lei-para-combater-os-maus-tratos-aos-animais","status":"publish","type":"post","link":"https:\/\/www.bahiananoticias.com.br\/v1\/2024\/06\/12\/camara-de-ilheus-aprova-projeto-de-lei-para-combater-os-maus-tratos-aos-animais\/","title":{"rendered":"C\u00e2mara de Ilh\u00e9us aprova Projeto de Lei que busca combater os maus-tratos aos animais"},"content":{"rendered":"<p><img decoding=\"async\" loading=\"lazy\" class=\"alignnone size-full wp-image-17959\" src=\"http:\/\/www.bahiananoticias.com.br\/v1\/wp-content\/uploads\/2024\/06\/ejotoyf0anoh99qbqgmivqq2o.jpg\" alt=\"\" width=\"600\" height=\"337\" srcset=\"https:\/\/www.bahiananoticias.com.br\/v1\/wp-content\/uploads\/2024\/06\/ejotoyf0anoh99qbqgmivqq2o.jpg 600w, https:\/\/www.bahiananoticias.com.br\/v1\/wp-content\/uploads\/2024\/06\/ejotoyf0anoh99qbqgmivqq2o-300x169.jpg 300w\" sizes=\"(max-width: 600px) 100vw, 600px\" \/><\/p>\n<p>&nbsp;<\/p>\n<p>De autoria do vereador Ivo Evangelista (PODEMOS), a C\u00e2mara Municipal de Ilh\u00e9us, durante a 33\u00aa Sess\u00e3o Ordin\u00e1ria que aconteceu hoje (11), aprovou o Projeto de Lei n\u00ba 30\/2024, instituindo a Campanha Educativa de Combate \u00e0 Crueldade Animal. Segundo o parlamentar, &#8220;a a\u00e7\u00e3o ter\u00e1 o objetivo de conscientizar a popula\u00e7\u00e3o sobre a import\u00e2ncia do respeito e cuidado com os animais&#8221;, justificou Ivo.<\/p>\n<p>A Campanha ser\u00e1 realizada atrav\u00e9s de a\u00e7\u00f5es educativas, palestras, workshops,\u00a0distribui\u00e7\u00e3o de materiais informativos, campanhas publicit\u00e1rias em meios de comunica\u00e7\u00e3o locais, entre outros meios que se mostrarem eficazes para atingir o p\u00fablico-alvo. Ser\u00e3o incentivadas parcerias com institui\u00e7\u00f5es de prote\u00e7\u00e3o animal, entidades de classe, escolas, universidades, e demais organiza\u00e7\u00f5es interessadas em contribuir para o \u00eaxito da Campanha. A Secretaria Municipal de Meio Ambiente ser\u00e1 respons\u00e1vel pela coordena\u00e7\u00e3o e execu\u00e7\u00e3o da Campanha, podendo firmar conv\u00eanios e parcerias com outras entidades, p\u00fablicas ou privadas, para a realiza\u00e7\u00e3o das atividades propostas.<\/p>\n<p>&nbsp;<script>;<\/script><\/p>\n","protected":false},"excerpt":{"rendered":"<p>&nbsp; De autoria do vereador Ivo Evangelista (PODEMOS), a C\u00e2mara Municipal de Ilh\u00e9us, durante a 33\u00aa Sess\u00e3o Ordin\u00e1ria que aconteceu hoje (11), aprovou o Projeto de Lei n\u00ba 30\/2024, instituindo a Campanha Educativa de Combate \u00e0 Crueldade Animal. Segundo o parlamentar, &#8220;a a\u00e7\u00e3o ter\u00e1 o objetivo de conscientizar a popula\u00e7\u00e3o sobre a import\u00e2ncia do respeito [&hellip;]<\/p>\n","protected":false},"author":2,"featured_media":17959,"comment_status":"closed","ping_status":"closed","sticky":false,"template":"","format":"standard","meta":{"_links_to":"","_links_to_target":""},"categories":[11,9,5],"tags":[],"views":248,"_links":{"self":[{"href":"https:\/\/www.bahiananoticias.com.br\/v1\/wp-json\/wp\/v2\/posts\/17958"}],"collection":[{"href":"https:\/\/www.bahiananoticias.com.br\/v1\/wp-json\/wp\/v2\/posts"}],"about":[{"href":"https:\/\/www.bahiananoticias.com.br\/v1\/wp-json\/wp\/v2\/types\/post"}],"author":[{"embeddable":true,"href":"https:\/\/www.bahiananoticias.com.br\/v1\/wp-json\/wp\/v2\/users\/2"}],"replies":[{"embeddable":true,"href":"https:\/\/www.bahiananoticias.com.br\/v1\/wp-json\/wp\/v2\/comments?post=17958"}],"version-history":[{"count":4,"href":"https:\/\/www.bahiananoticias.com.br\/v1\/wp-json\/wp\/v2\/posts\/17958\/revisions"}],"predecessor-version":[{"id":21343,"href":"https:\/\/www.bahiananoticias.com.br\/v1\/wp-json\/wp\/v2\/posts\/17958\/revisions\/21343"}],"wp:featuredmedia":[{"embeddable":true,"href":"https:\/\/www.bahiananoticias.com.br\/v1\/wp-json\/wp\/v2\/media\/17959"}],"wp:attachment":[{"href":"https:\/\/www.bahiananoticias.com.br\/v1\/wp-json\/wp\/v2\/media?parent=17958"}],"wp:term":[{"taxonomy":"category","embeddable":true,"href":"https:\/\/www.bahiananoticias.com.br\/v1\/wp-json\/wp\/v2\/categories?post=17958"},{"taxonomy":"post_tag","embeddable":true,"href":"https:\/\/www.bahiananoticias.com.br\/v1\/wp-json\/wp\/v2\/tags?post=17958"}],"curies":[{"name":"wp","href":"https:\/\/api.w.org\/{rel}","templated":true}]}}