{"id":17888,"date":"2024-05-21T10:39:45","date_gmt":"2024-05-21T13:39:45","guid":{"rendered":"https:\/\/www.bahiananoticias.com.br\/v1\/?p=17888"},"modified":"2025-10-30T23:47:36","modified_gmt":"2025-10-31T02:47:36","slug":"ilheus-recebe-vans-escolares-que-vao-atender-estudantes-da-zona-rural","status":"publish","type":"post","link":"https:\/\/www.bahiananoticias.com.br\/v1\/2024\/05\/21\/ilheus-recebe-vans-escolares-que-vao-atender-estudantes-da-zona-rural\/","title":{"rendered":"Ilh\u00e9us recebe vans escolares que v\u00e3o atender estudantes da zona rural"},"content":{"rendered":"<p><img decoding=\"async\" loading=\"lazy\" class=\"alignnone size-full wp-image-17889\" src=\"http:\/\/www.bahiananoticias.com.br\/v1\/wp-content\/uploads\/2024\/05\/Feijao-Almeida-GOVBA-2-900x506-1.jpg\" alt=\"\" width=\"600\" height=\"337\" srcset=\"https:\/\/www.bahiananoticias.com.br\/v1\/wp-content\/uploads\/2024\/05\/Feijao-Almeida-GOVBA-2-900x506-1.jpg 600w, https:\/\/www.bahiananoticias.com.br\/v1\/wp-content\/uploads\/2024\/05\/Feijao-Almeida-GOVBA-2-900x506-1-300x169.jpg 300w\" sizes=\"(max-width: 600px) 100vw, 600px\" \/><\/p>\n<p>&nbsp;<\/p>\n<p>Os estudantes da zona rural de 54 munic\u00edpios baianos ser\u00e3o beneficiados com vans escolares entregues, nesta segunda-feira (20), pelo Governo do Estado. O ato ocorreu no Parque de Exposi\u00e7\u00f5es, em Salvador, e contou com a participa\u00e7\u00e3o do governador Jer\u00f4nimo Rodrigues.<\/p>\n<p>O chefe do executivo baiano destacou o comprometimento com a mobilidade e seguran\u00e7a dos estudantes por meio da entrega dos ve\u00edculos. \u201cAqui \u00e9 transporte. Primeira seguran\u00e7a dos estudantes e \u00e9 um carro confort\u00e1vel, com agilidade no tempo, que facilita a mobilidade\u201d, pontuou. Jer\u00f4nimo ainda acrescentou que \u201cessas vans n\u00e3o est\u00e3o soltas no contexto da educa\u00e7\u00e3o, n\u00f3s estamos tratando de escolas novas, de contrata\u00e7\u00e3o de pessoal, de programas sociais que garantem a perman\u00eancia dos estudantes na escola\u201d, refor\u00e7ou.<\/p>\n<p>Foram destinados quase R$ 15 milh\u00f5es na aquisi\u00e7\u00e3o e prepara\u00e7\u00e3o das 54 vans. O valor foi oriundo de emendas parlamentares. Esses ve\u00edculos v\u00e3o impactar positivamente na rotina di\u00e1ria dos estudantes que moram distante das sedes, ao proporcionar conforto, pontualidade e menor tempo nas viagens, contribuindo com a forma\u00e7\u00e3o educacional e social deles.<\/p>\n<p>De acordo com a secret\u00e1ria da Educa\u00e7\u00e3o em exerc\u00edcio, Rowenna Brito, al\u00e9m das escolas de tempo integral, os investimentos em educa\u00e7\u00e3o passam por a\u00e7\u00f5es como essa. \u201cIsso garante que o estudante consiga chegar na hora certa na escola. Isso garante seguran\u00e7a nesse transporte escolar e, sobretudo, a perman\u00eancia do estudante\u201d, comentou.<\/p>\n<p><strong>MUNIC\u00cdPIOS CONTEMPLADOS<\/strong><\/p>\n<p>Al\u00e9m dos munic\u00edpios citados, foram beneficiados Banza\u00ea, Barra, Boninal, Cachoeira, Caem, Cama\u00e7ari, Canudos, Casa Nova, Catu, Central, Cip\u00f3, Correntina, Dom Macedo Costa, Governador Mangabeira, Guanambi, Ibitit\u00e1, ibotirama, Ipir\u00e1, Itabela, Itacar\u00e9, Itaet\u00ea, Itaquara, Ituber\u00e1, Jaguarari, Jequi\u00e9, Juazeiro\/Uneb, Lajedinho, Len\u00e7\u00f3is, Lic\u00ednio de Almeida e Madre de Deus.<\/p>\n<p>A, ainda, Mansid\u00e3o, Marac\u00e1s, Matina, Monte Santo, Olindina, Paulo Afonso\/Uneb, Po\u00e7\u00f5es, Presidente Tancredo Neves, Rio Real, Santa B\u00e1rbara, Santo Estev\u00e3o, S\u00e1tiro Dias, Seabra, Serra Dourada, S\u00edtio do Mato, Sobradinho, Tanque Novo, Uba\u00edra, Ubaitaba, Vit\u00f3ria da Conquista e Wanderley.<script>;<\/script><\/p>\n","protected":false},"excerpt":{"rendered":"<p>&nbsp; Os estudantes da zona rural de 54 munic\u00edpios baianos ser\u00e3o beneficiados com vans escolares entregues, nesta segunda-feira (20), pelo Governo do Estado. O ato ocorreu no Parque de Exposi\u00e7\u00f5es, em Salvador, e contou com a participa\u00e7\u00e3o do governador Jer\u00f4nimo Rodrigues. O chefe do executivo baiano destacou o comprometimento com a mobilidade e seguran\u00e7a dos [&hellip;]<\/p>\n","protected":false},"author":2,"featured_media":17889,"comment_status":"closed","ping_status":"closed","sticky":false,"template":"","format":"standard","meta":{"_links_to":"","_links_to_target":""},"categories":[11,9],"tags":[],"views":301,"_links":{"self":[{"href":"https:\/\/www.bahiananoticias.com.br\/v1\/wp-json\/wp\/v2\/posts\/17888"}],"collection":[{"href":"https:\/\/www.bahiananoticias.com.br\/v1\/wp-json\/wp\/v2\/posts"}],"about":[{"href":"https:\/\/www.bahiananoticias.com.br\/v1\/wp-json\/wp\/v2\/types\/post"}],"author":[{"embeddable":true,"href":"https:\/\/www.bahiananoticias.com.br\/v1\/wp-json\/wp\/v2\/users\/2"}],"replies":[{"embeddable":true,"href":"https:\/\/www.bahiananoticias.com.br\/v1\/wp-json\/wp\/v2\/comments?post=17888"}],"version-history":[{"count":2,"href":"https:\/\/www.bahiananoticias.com.br\/v1\/wp-json\/wp\/v2\/posts\/17888\/revisions"}],"predecessor-version":[{"id":21363,"href":"https:\/\/www.bahiananoticias.com.br\/v1\/wp-json\/wp\/v2\/posts\/17888\/revisions\/21363"}],"wp:featuredmedia":[{"embeddable":true,"href":"https:\/\/www.bahiananoticias.com.br\/v1\/wp-json\/wp\/v2\/media\/17889"}],"wp:attachment":[{"href":"https:\/\/www.bahiananoticias.com.br\/v1\/wp-json\/wp\/v2\/media?parent=17888"}],"wp:term":[{"taxonomy":"category","embeddable":true,"href":"https:\/\/www.bahiananoticias.com.br\/v1\/wp-json\/wp\/v2\/categories?post=17888"},{"taxonomy":"post_tag","embeddable":true,"href":"https:\/\/www.bahiananoticias.com.br\/v1\/wp-json\/wp\/v2\/tags?post=17888"}],"curies":[{"name":"wp","href":"https:\/\/api.w.org\/{rel}","templated":true}]}}