{"id":17841,"date":"2024-05-15T10:13:37","date_gmt":"2024-05-15T13:13:37","guid":{"rendered":"https:\/\/www.bahiananoticias.com.br\/v1\/?p=17841"},"modified":"2025-10-30T23:48:21","modified_gmt":"2025-10-31T02:48:21","slug":"ilheus-comissao-da-camara-de-direitos-humanos-divulga-agenda-do-maio-laranja","status":"publish","type":"post","link":"https:\/\/www.bahiananoticias.com.br\/v1\/2024\/05\/15\/ilheus-comissao-da-camara-de-direitos-humanos-divulga-agenda-do-maio-laranja\/","title":{"rendered":"Ilh\u00e9us: Comiss\u00e3o da C\u00e2mara de Direitos Humanos divulga agenda do Maio Laranja"},"content":{"rendered":"<p><img decoding=\"async\" loading=\"lazy\" class=\"alignnone size-full wp-image-17842\" src=\"http:\/\/www.bahiananoticias.com.br\/v1\/wp-content\/uploads\/2024\/05\/WhatsApp-Image-2023-05-19-at-19.09.47-1024x577-1.jpeg\" alt=\"\" width=\"600\" height=\"338\" srcset=\"https:\/\/www.bahiananoticias.com.br\/v1\/wp-content\/uploads\/2024\/05\/WhatsApp-Image-2023-05-19-at-19.09.47-1024x577-1.jpeg 600w, https:\/\/www.bahiananoticias.com.br\/v1\/wp-content\/uploads\/2024\/05\/WhatsApp-Image-2023-05-19-at-19.09.47-1024x577-1-300x169.jpeg 300w\" sizes=\"(max-width: 600px) 100vw, 600px\" \/><\/p>\n<p>A Comiss\u00e3o de Direitos Humanos da C\u00e2mara Municipal de Ilh\u00e9us, liderada pelo vereador Gurita, juntamente com toda a rede de prote\u00e7\u00e3o de combate ao abuso de crian\u00e7as e adolescentes lan\u00e7am a programa\u00e7\u00e3o do Maio Laranja.<\/p>\n<p>O evento ter\u00e1 in\u00edcio nesta quarta -feira,14 de maio, e se estender\u00e1 at\u00e9 17 de maio, promete trazer discuss\u00f5es importantes e a\u00e7\u00f5es diretas, visando mobilizar a sociedade ilheense para combater a viola\u00e7\u00e3o dos direitos infantojuvenis.<\/p>\n<p><strong>Programa\u00e7\u00e3o Maio Laranja<\/strong><\/p>\n<p>14\/05 \u2013 Adesiva\u00e7o Cras Oliven\u00e7a (manh\u00e3) \/ Cras Sul (tarde)<\/p>\n<p>15\/05 \u2013 Adesiva\u00e7o Cras Salobrinho (manh\u00e3) \/ Cras Oeste (tarde)<\/p>\n<p>16\/05 \u2013 F\u00f3rum: Organiza\u00e7\u00e3o da Rede de Prote\u00e7\u00e3o e seu funcionamento<\/p>\n<p>17\/05 \u2013 Caminhada contra o Abuso e Explora\u00e7\u00e3o Sexual de Crian\u00e7as e Adolescentes (concentra\u00e7\u00e3o na Pra\u00e7a do Est\u00e1dio M\u00e1rio Pessoa)<\/p>\n<p><strong>O que \u00e9 o Maio Laranja?<\/strong><\/p>\n<p>\u00c9 importante destacar o m\u00eas de maio, que \u00e9 nacionalmente conhecido como Maio Laranja, per\u00edodo de enfrentamento e preven\u00e7\u00e3o do abuso e da explora\u00e7\u00e3o sexual de crian\u00e7as e adolescentes. Especificamente, 18 de maio \u00e9 o Dia Nacional de Combate ao Abuso e \u00e0 Explora\u00e7\u00e3o Sexual de Crian\u00e7as e Adolescentes. Essa data tem por objetivo mobilizar a sociedade brasileira para combater a viola\u00e7\u00e3o dos direitos infantojuvenis.<\/p>\n<p>A cria\u00e7\u00e3o do Dia Nacional de Combate ao Abuso e \u00e0 Explora\u00e7\u00e3o Sexual de Crian\u00e7as e Adolescentes foi institu\u00edda pela Lei n\u00ba 9.970 em 17 de maio de 2000. A data \u00e9 dedicada \u00e0 mem\u00f3ria de Araceli Cabrera S\u00e1nchez Crespo, uma menina de 8 anos que, em 18 de maio de 1973, no estado do Esp\u00edrito Santo, foi sequestrada, v\u00edtima de diversas formas de viol\u00eancia e, posteriormente, morta por seus sequestradores. Seu corpo foi encontrado seis dias depois, e os respons\u00e1veis pelo crime n\u00e3o foram punidos at\u00e9 os dias atuais.<script>;<\/script><\/p>\n","protected":false},"excerpt":{"rendered":"<p>A Comiss\u00e3o de Direitos Humanos da C\u00e2mara Municipal de Ilh\u00e9us, liderada pelo vereador Gurita, juntamente com toda a rede de prote\u00e7\u00e3o de combate ao abuso de crian\u00e7as e adolescentes lan\u00e7am a programa\u00e7\u00e3o do Maio Laranja. O evento ter\u00e1 in\u00edcio nesta quarta -feira,14 de maio, e se estender\u00e1 at\u00e9 17 de maio, promete trazer discuss\u00f5es importantes [&hellip;]<\/p>\n","protected":false},"author":2,"featured_media":17842,"comment_status":"closed","ping_status":"closed","sticky":false,"template":"","format":"standard","meta":{"_links_to":"","_links_to_target":""},"categories":[11,9],"tags":[],"views":259,"_links":{"self":[{"href":"https:\/\/www.bahiananoticias.com.br\/v1\/wp-json\/wp\/v2\/posts\/17841"}],"collection":[{"href":"https:\/\/www.bahiananoticias.com.br\/v1\/wp-json\/wp\/v2\/posts"}],"about":[{"href":"https:\/\/www.bahiananoticias.com.br\/v1\/wp-json\/wp\/v2\/types\/post"}],"author":[{"embeddable":true,"href":"https:\/\/www.bahiananoticias.com.br\/v1\/wp-json\/wp\/v2\/users\/2"}],"replies":[{"embeddable":true,"href":"https:\/\/www.bahiananoticias.com.br\/v1\/wp-json\/wp\/v2\/comments?post=17841"}],"version-history":[{"count":2,"href":"https:\/\/www.bahiananoticias.com.br\/v1\/wp-json\/wp\/v2\/posts\/17841\/revisions"}],"predecessor-version":[{"id":21374,"href":"https:\/\/www.bahiananoticias.com.br\/v1\/wp-json\/wp\/v2\/posts\/17841\/revisions\/21374"}],"wp:featuredmedia":[{"embeddable":true,"href":"https:\/\/www.bahiananoticias.com.br\/v1\/wp-json\/wp\/v2\/media\/17842"}],"wp:attachment":[{"href":"https:\/\/www.bahiananoticias.com.br\/v1\/wp-json\/wp\/v2\/media?parent=17841"}],"wp:term":[{"taxonomy":"category","embeddable":true,"href":"https:\/\/www.bahiananoticias.com.br\/v1\/wp-json\/wp\/v2\/categories?post=17841"},{"taxonomy":"post_tag","embeddable":true,"href":"https:\/\/www.bahiananoticias.com.br\/v1\/wp-json\/wp\/v2\/tags?post=17841"}],"curies":[{"name":"wp","href":"https:\/\/api.w.org\/{rel}","templated":true}]}}