{"id":17805,"date":"2024-05-13T20:58:41","date_gmt":"2024-05-13T23:58:41","guid":{"rendered":"https:\/\/www.bahiananoticias.com.br\/v1\/?p=17805"},"modified":"2025-10-30T23:49:08","modified_gmt":"2025-10-31T02:49:08","slug":"crise-servidores-da-rede-estadual-de-educacao-tambem-entram-em-greve","status":"publish","type":"post","link":"https:\/\/www.bahiananoticias.com.br\/v1\/2024\/05\/13\/crise-servidores-da-rede-estadual-de-educacao-tambem-entram-em-greve\/","title":{"rendered":"Crise! Servidores da rede estadual de educa\u00e7\u00e3o tamb\u00e9m entram em greve"},"content":{"rendered":"<p><img decoding=\"async\" loading=\"lazy\" class=\"alignnone size-full wp-image-17806\" src=\"http:\/\/www.bahiananoticias.com.br\/v1\/wp-content\/uploads\/2024\/05\/WhatsApp-Image-2024-05-09-at-11.47.38-768x576-1.jpeg\" alt=\"\" width=\"600\" height=\"450\" srcset=\"https:\/\/www.bahiananoticias.com.br\/v1\/wp-content\/uploads\/2024\/05\/WhatsApp-Image-2024-05-09-at-11.47.38-768x576-1.jpeg 600w, https:\/\/www.bahiananoticias.com.br\/v1\/wp-content\/uploads\/2024\/05\/WhatsApp-Image-2024-05-09-at-11.47.38-768x576-1-300x225.jpeg 300w\" sizes=\"(max-width: 600px) 100vw, 600px\" \/><\/p>\n<p>Os trabalhadores da rede estadual de ensino aprovaram paralisa\u00e7\u00e3o de 48h, na pr\u00f3xima segunda (13) e ter\u00e7a-feira (14). A decis\u00e3o foi tomada pelas assembleias regionais da APLB-Sindicato, ao longo desta semana. O objetivo do movimento \u00e9 pressionar o Governo da Bahia a aumentar a proposta de reajuste salarial dos servidores.<\/p>\n<p>A gest\u00e3o prop\u00f4s reajuste linear de 4% para todo o funcionalismo do Estado, dividido em duas parcelas de 2%, sendo a primeira agora em maio e a segunda a partir de 31 de agosto pr\u00f3ximo. A proposta tamb\u00e9m contempla os aposentados.<\/p>\n<p>Na pr\u00f3xima semana, a Assembleia Legislativa da Bahia vai votar a proposta de reajuste salarial. A APLB e outros sindicatos convocaram os associados para uma manifesta\u00e7\u00e3o na sede do Legislativo Baiano, na segunda-feira, para exigir que os deputados aumentem o percentual do reajuste. Segundo o movimento, o funcionalismo estadual perdeu 33% do seu poder de compra nos \u00faltimos oito anos.<script>;<\/script><\/p>\n","protected":false},"excerpt":{"rendered":"<p>Os trabalhadores da rede estadual de ensino aprovaram paralisa\u00e7\u00e3o de 48h, na pr\u00f3xima segunda (13) e ter\u00e7a-feira (14). A decis\u00e3o foi tomada pelas assembleias regionais da APLB-Sindicato, ao longo desta semana. O objetivo do movimento \u00e9 pressionar o Governo da Bahia a aumentar a proposta de reajuste salarial dos servidores. A gest\u00e3o prop\u00f4s reajuste linear [&hellip;]<\/p>\n","protected":false},"author":2,"featured_media":17806,"comment_status":"closed","ping_status":"closed","sticky":false,"template":"","format":"standard","meta":{"_links_to":"","_links_to_target":""},"categories":[11,9],"tags":[],"views":325,"_links":{"self":[{"href":"https:\/\/www.bahiananoticias.com.br\/v1\/wp-json\/wp\/v2\/posts\/17805"}],"collection":[{"href":"https:\/\/www.bahiananoticias.com.br\/v1\/wp-json\/wp\/v2\/posts"}],"about":[{"href":"https:\/\/www.bahiananoticias.com.br\/v1\/wp-json\/wp\/v2\/types\/post"}],"author":[{"embeddable":true,"href":"https:\/\/www.bahiananoticias.com.br\/v1\/wp-json\/wp\/v2\/users\/2"}],"replies":[{"embeddable":true,"href":"https:\/\/www.bahiananoticias.com.br\/v1\/wp-json\/wp\/v2\/comments?post=17805"}],"version-history":[{"count":2,"href":"https:\/\/www.bahiananoticias.com.br\/v1\/wp-json\/wp\/v2\/posts\/17805\/revisions"}],"predecessor-version":[{"id":21386,"href":"https:\/\/www.bahiananoticias.com.br\/v1\/wp-json\/wp\/v2\/posts\/17805\/revisions\/21386"}],"wp:featuredmedia":[{"embeddable":true,"href":"https:\/\/www.bahiananoticias.com.br\/v1\/wp-json\/wp\/v2\/media\/17806"}],"wp:attachment":[{"href":"https:\/\/www.bahiananoticias.com.br\/v1\/wp-json\/wp\/v2\/media?parent=17805"}],"wp:term":[{"taxonomy":"category","embeddable":true,"href":"https:\/\/www.bahiananoticias.com.br\/v1\/wp-json\/wp\/v2\/categories?post=17805"},{"taxonomy":"post_tag","embeddable":true,"href":"https:\/\/www.bahiananoticias.com.br\/v1\/wp-json\/wp\/v2\/tags?post=17805"}],"curies":[{"name":"wp","href":"https:\/\/api.w.org\/{rel}","templated":true}]}}