{"id":17794,"date":"2024-05-08T21:49:10","date_gmt":"2024-05-09T00:49:10","guid":{"rendered":"https:\/\/www.bahiananoticias.com.br\/v1\/?p=17794"},"modified":"2025-10-30T23:49:20","modified_gmt":"2025-10-31T02:49:20","slug":"pre-candidata-a-prefeita-wanessa-gedeon-ouve-demandas-de-comerciantes-da-central-do-malhado","status":"publish","type":"post","link":"https:\/\/www.bahiananoticias.com.br\/v1\/2024\/05\/08\/pre-candidata-a-prefeita-wanessa-gedeon-ouve-demandas-de-comerciantes-da-central-do-malhado\/","title":{"rendered":"Pr\u00e9 candidata a prefeita, Wanessa Gedeon, ouve demandas de comerciantes da Central do Malhado"},"content":{"rendered":"<p><img decoding=\"async\" loading=\"lazy\" class=\"alignnone size-full wp-image-17795\" src=\"http:\/\/www.bahiananoticias.com.br\/v1\/wp-content\/uploads\/2024\/05\/1000021980.jpg\" alt=\"\" width=\"375\" height=\"500\" srcset=\"https:\/\/www.bahiananoticias.com.br\/v1\/wp-content\/uploads\/2024\/05\/1000021980.jpg 375w, https:\/\/www.bahiananoticias.com.br\/v1\/wp-content\/uploads\/2024\/05\/1000021980-225x300.jpg 225w\" sizes=\"(max-width: 375px) 100vw, 375px\" \/><\/p>\n<p>A pr\u00e9-candidata a prefeita de Ilh\u00e9us, Wanessa Gedeon, esteve em visita \u00e0 Central do Malhado no \u00faltimo s\u00e1bado (04), onde teve a oportunidade de ouvir e dialogar com os comerciantes locais. A receptividade ao nome de Wanessa por parte dos comerciantes empolgou o grupo pol\u00edtico do Novo, que ressaltou a import\u00e2ncia de trazer uma nova perspectiva \u00e0 pol\u00edtica de Ilh\u00e9us.<\/p>\n<p>Acompanhada pelos membros da Executiva Municipal, incluindo o Presidente Jackson Silva, o Vice-presidente Roberto Freitas, o Vice-presidente da Executiva Estadual Eduardo Brito, e os pr\u00e9-candidatos a vereadores Elicelma e \u00c1tila, juntamente com a presen\u00e7a do ex-vereador Fred Gedeon III, Wanessa destacou a urg\u00eancia de interven\u00e7\u00e3o na Central do Malhado para melhorar as condi\u00e7\u00f5es tanto dos comerciantes quanto dos frequentadores deste importante centro comercial de Ilh\u00e9us.<script>;<\/script><\/p>\n","protected":false},"excerpt":{"rendered":"<p>A pr\u00e9-candidata a prefeita de Ilh\u00e9us, Wanessa Gedeon, esteve em visita \u00e0 Central do Malhado no \u00faltimo s\u00e1bado (04), onde teve a oportunidade de ouvir e dialogar com os comerciantes locais. A receptividade ao nome de Wanessa por parte dos comerciantes empolgou o grupo pol\u00edtico do Novo, que ressaltou a import\u00e2ncia de trazer uma nova [&hellip;]<\/p>\n","protected":false},"author":2,"featured_media":17795,"comment_status":"closed","ping_status":"closed","sticky":false,"template":"","format":"standard","meta":{"_links_to":"","_links_to_target":""},"categories":[11],"tags":[],"views":277,"_links":{"self":[{"href":"https:\/\/www.bahiananoticias.com.br\/v1\/wp-json\/wp\/v2\/posts\/17794"}],"collection":[{"href":"https:\/\/www.bahiananoticias.com.br\/v1\/wp-json\/wp\/v2\/posts"}],"about":[{"href":"https:\/\/www.bahiananoticias.com.br\/v1\/wp-json\/wp\/v2\/types\/post"}],"author":[{"embeddable":true,"href":"https:\/\/www.bahiananoticias.com.br\/v1\/wp-json\/wp\/v2\/users\/2"}],"replies":[{"embeddable":true,"href":"https:\/\/www.bahiananoticias.com.br\/v1\/wp-json\/wp\/v2\/comments?post=17794"}],"version-history":[{"count":2,"href":"https:\/\/www.bahiananoticias.com.br\/v1\/wp-json\/wp\/v2\/posts\/17794\/revisions"}],"predecessor-version":[{"id":21389,"href":"https:\/\/www.bahiananoticias.com.br\/v1\/wp-json\/wp\/v2\/posts\/17794\/revisions\/21389"}],"wp:featuredmedia":[{"embeddable":true,"href":"https:\/\/www.bahiananoticias.com.br\/v1\/wp-json\/wp\/v2\/media\/17795"}],"wp:attachment":[{"href":"https:\/\/www.bahiananoticias.com.br\/v1\/wp-json\/wp\/v2\/media?parent=17794"}],"wp:term":[{"taxonomy":"category","embeddable":true,"href":"https:\/\/www.bahiananoticias.com.br\/v1\/wp-json\/wp\/v2\/categories?post=17794"},{"taxonomy":"post_tag","embeddable":true,"href":"https:\/\/www.bahiananoticias.com.br\/v1\/wp-json\/wp\/v2\/tags?post=17794"}],"curies":[{"name":"wp","href":"https:\/\/api.w.org\/{rel}","templated":true}]}}