{"id":17784,"date":"2024-05-08T19:35:52","date_gmt":"2024-05-08T22:35:52","guid":{"rendered":"https:\/\/www.bahiananoticias.com.br\/v1\/?p=17784"},"modified":"2025-10-30T23:49:28","modified_gmt":"2025-10-31T02:49:28","slug":"prefeitura-de-itabuna-empossa-138-novos-servidores-aprovados-em-concurso-publico","status":"publish","type":"post","link":"https:\/\/www.bahiananoticias.com.br\/v1\/2024\/05\/08\/prefeitura-de-itabuna-empossa-138-novos-servidores-aprovados-em-concurso-publico\/","title":{"rendered":"Prefeitura de Itabuna empossa 138 novos servidores aprovados em concurso p\u00fablico"},"content":{"rendered":"<p><img decoding=\"async\" loading=\"lazy\" class=\"alignnone size-full wp-image-17785\" src=\"http:\/\/www.bahiananoticias.com.br\/v1\/wp-content\/uploads\/2024\/05\/1000021968.jpg\" alt=\"\" width=\"600\" height=\"367\" srcset=\"https:\/\/www.bahiananoticias.com.br\/v1\/wp-content\/uploads\/2024\/05\/1000021968.jpg 600w, https:\/\/www.bahiananoticias.com.br\/v1\/wp-content\/uploads\/2024\/05\/1000021968-300x184.jpg 300w\" sizes=\"(max-width: 600px) 100vw, 600px\" \/><\/p>\n<p>&nbsp;<\/p>\n<p>&#8220;O servi\u00e7o p\u00fablico \u00e9 gratificante para quem gosta de servir. Voc\u00eas est\u00e3o de parab\u00e9ns porque chegaram neste momento. A vida \u00e9 feita de momentos e voc\u00eas o est\u00e3o dividindo com familiares e com a nossa Administra\u00e7\u00e3o\u201d. A afirma\u00e7\u00e3o \u00e9 do prefeito de Itabuna, Augusto Castro (PSD), ao saudar os 138 servidores p\u00fablicos que tomaram posse nesta ter\u00e7a-feira, dia 7, no Centro de Cultura Adonias Filho na primeira etapa.<\/p>\n<p>Antes da solenidade, os servidores preencheram as declara\u00e7\u00f5es de que n\u00e3o acumulam cargos ou fun\u00e7\u00f5es p\u00fablicas e de bens para cumprir as formalidades exigidas pela Secretaria de Gest\u00e3o e Inova\u00e7\u00e3o. Ao todo foram 700 servidores nomeados, depois de aprovados no Concurso P\u00fablico n\u00ba 01\/2023 realizado pela Prefeitura de Itabuna, cuja posse ser\u00e1 gradual na Administra\u00e7\u00e3o Municipal.<\/p>\n<p>O prefeito Augusto Castro real\u00e7ou o dia de celebra\u00e7\u00e3o dos empossados e de suas fam\u00edlias. \u201cO servidor p\u00fablico oxigena a m\u00e1quina p\u00fablica e d\u00e1 seguran\u00e7a e qualidade ao atendimento das demandas da popula\u00e7\u00e3o. Por isso, a posse significa a conclus\u00e3o de um compromisso que assumi na campanha eleitoral de profissionalizar a Administra\u00e7\u00e3o, onde valorizamos e reconhecemos a import\u00e2ncia dos servidores\u201d, acrescentou.<\/p>\n<p>concurso p\u00fablico teve a participa\u00e7\u00e3o de 45 mil candidatos, foi executado com transpar\u00eancia e respeito e acompanhado em sua integralidade pelo Minist\u00e9rio P\u00fablico do Estado da Bahia (MP-BA) e Minist\u00e9rio P\u00fablico do Trabalho (MPT), de acordo com o procurador-geral do munic\u00edpio, \u00c1lvaro Ferreira. Ele fez um relato de todas as fases, desde setembro de 2020 quando prestou assessoria ao ent\u00e3o candidato Augusto Castro.<\/p>\n<p>\u201cO servi\u00e7o p\u00fablico \u00e9 prestado com melhor qualidade quando as pessoas t\u00eam boa forma\u00e7\u00e3o profissional e se submetem ao concurso p\u00fablico para ingressar na Administra\u00e7\u00e3o p\u00fablica. Somente dessa forma se tem um quadro de pessoal permanente o que d\u00e1 seguran\u00e7a e garantia a qualquer gestor p\u00fablico\u201d, disse o procurador.<\/p>\n<p>Ele lembrou a institui\u00e7\u00e3o dos Planos de Cargo, Carreiras e Remunera\u00e7\u00e3o pela gest\u00e3o do prefeito Augusto Castro no cumprimento a mais um desafio na profissionaliza\u00e7\u00e3o da m\u00e1quina p\u00fablica. \u201cPor isso, digo a todos voc\u00eas que tomam posse nesta solenidade que os PCCRs vai lhes dar e ao quadro de servidores estabilidade e seguran\u00e7a nas carreiras, al\u00e9m de garantir a qualifica\u00e7\u00e3o necess\u00e1ria\u201d, real\u00e7ou.<\/p>\n<p>O secret\u00e1rio de Gest\u00e3o e Inova\u00e7\u00e3o, Mois\u00e9s Figueiredo de Carvalho, tamb\u00e9m enfatizou a aprova\u00e7\u00e3o legislativa, san\u00e7\u00e3o e vig\u00eancia dos PCCRs, um compromisso do prefeito em atender \u00e0 luta de mais de 40 anos dos servidores municipais. J\u00e1 o secret\u00e1rio de Governo, Rosivaldo Pinheiro, destacou que a Administra\u00e7\u00e3o P\u00fablica tem dado as respostas exigidas pela sociedade itabunense, principalmente quanto \u00e0 qualidade do servi\u00e7o p\u00fablico.<\/p>\n<p>A mesma opini\u00e3o manifestou a vereadora Wilmaci Oliveira (PCdoB), presidente do Sindicato dos Servidores P\u00fablicos Municipais (SindServ) que relatou todas as etapas da luta da categoria pelos PCCRs e reconhecimento profissional. \u201cHouve um processo hist\u00f3rico e desejamos homenagear o prefeito Augusto Castro que soube atender aos nossos anseios\u201d, disse.<script>;<\/script><\/p>\n","protected":false},"excerpt":{"rendered":"<p>&nbsp; &#8220;O servi\u00e7o p\u00fablico \u00e9 gratificante para quem gosta de servir. Voc\u00eas est\u00e3o de parab\u00e9ns porque chegaram neste momento. A vida \u00e9 feita de momentos e voc\u00eas o est\u00e3o dividindo com familiares e com a nossa Administra\u00e7\u00e3o\u201d. A afirma\u00e7\u00e3o \u00e9 do prefeito de Itabuna, Augusto Castro (PSD), ao saudar os 138 servidores p\u00fablicos que tomaram [&hellip;]<\/p>\n","protected":false},"author":2,"featured_media":17785,"comment_status":"closed","ping_status":"closed","sticky":false,"template":"","format":"standard","meta":{"_links_to":"","_links_to_target":""},"categories":[11,9],"tags":[],"views":259,"_links":{"self":[{"href":"https:\/\/www.bahiananoticias.com.br\/v1\/wp-json\/wp\/v2\/posts\/17784"}],"collection":[{"href":"https:\/\/www.bahiananoticias.com.br\/v1\/wp-json\/wp\/v2\/posts"}],"about":[{"href":"https:\/\/www.bahiananoticias.com.br\/v1\/wp-json\/wp\/v2\/types\/post"}],"author":[{"embeddable":true,"href":"https:\/\/www.bahiananoticias.com.br\/v1\/wp-json\/wp\/v2\/users\/2"}],"replies":[{"embeddable":true,"href":"https:\/\/www.bahiananoticias.com.br\/v1\/wp-json\/wp\/v2\/comments?post=17784"}],"version-history":[{"count":2,"href":"https:\/\/www.bahiananoticias.com.br\/v1\/wp-json\/wp\/v2\/posts\/17784\/revisions"}],"predecessor-version":[{"id":21391,"href":"https:\/\/www.bahiananoticias.com.br\/v1\/wp-json\/wp\/v2\/posts\/17784\/revisions\/21391"}],"wp:featuredmedia":[{"embeddable":true,"href":"https:\/\/www.bahiananoticias.com.br\/v1\/wp-json\/wp\/v2\/media\/17785"}],"wp:attachment":[{"href":"https:\/\/www.bahiananoticias.com.br\/v1\/wp-json\/wp\/v2\/media?parent=17784"}],"wp:term":[{"taxonomy":"category","embeddable":true,"href":"https:\/\/www.bahiananoticias.com.br\/v1\/wp-json\/wp\/v2\/categories?post=17784"},{"taxonomy":"post_tag","embeddable":true,"href":"https:\/\/www.bahiananoticias.com.br\/v1\/wp-json\/wp\/v2\/tags?post=17784"}],"curies":[{"name":"wp","href":"https:\/\/api.w.org\/{rel}","templated":true}]}}