{"id":17749,"date":"2024-05-02T22:28:59","date_gmt":"2024-05-03T01:28:59","guid":{"rendered":"https:\/\/www.bahiananoticias.com.br\/v1\/?p=17749"},"modified":"2025-10-30T23:50:12","modified_gmt":"2025-10-31T02:50:12","slug":"prefeitura-de-itabuna-prorroga-prazo-para-adesao-ao-plano-de-cargos-carreira-e-remuneracao","status":"publish","type":"post","link":"https:\/\/www.bahiananoticias.com.br\/v1\/2024\/05\/02\/prefeitura-de-itabuna-prorroga-prazo-para-adesao-ao-plano-de-cargos-carreira-e-remuneracao\/","title":{"rendered":"Prefeitura de Itabuna prorroga prazo para ades\u00e3o ao Plano de Cargos, Carreira e Remunera\u00e7\u00e3o"},"content":{"rendered":"<p><img decoding=\"async\" loading=\"lazy\" class=\"alignnone size-full wp-image-17531\" src=\"http:\/\/www.bahiananoticias.com.br\/v1\/wp-content\/uploads\/2024\/03\/1000015562.jpg\" alt=\"\" width=\"600\" height=\"364\" srcset=\"https:\/\/www.bahiananoticias.com.br\/v1\/wp-content\/uploads\/2024\/03\/1000015562.jpg 600w, https:\/\/www.bahiananoticias.com.br\/v1\/wp-content\/uploads\/2024\/03\/1000015562-300x182.jpg 300w\" sizes=\"(max-width: 600px) 100vw, 600px\" \/><\/p>\n<p>&nbsp;<\/p>\n<p>A Prefeitura de Itabuna prorrogou at\u00e9 as 23h59min do dia 30 de maio, o prazo para ades\u00e3o ao Plano de Cargos, Carreira e Remunera\u00e7\u00e3o (PCCR), cujas leis sancionadas pelo prefeito Augusto Castro (PSD) corrigem hist\u00f3ricas injusti\u00e7as e promovem mudan\u00e7a com a reestrutura\u00e7\u00e3o de cargos e carreiras da Administra\u00e7\u00e3o Municipal.<\/p>\n<p>Todos os procedimentos de ades\u00e3o ao Plano de Cargos, Carreiras e Sal\u00e1rios est\u00e3o sob a responsabilidade da Secretaria de Gest\u00e3o e Inova\u00e7\u00e3o. \u201cA prorroga\u00e7\u00e3o foi necess\u00e1ria em raz\u00e3o da necessidade de atender a um n\u00famero maior de servidores que anseiam pelo reenquadramento e ainda n\u00e3o aderiram ao PCCR\u201d, comentou o secret\u00e1rio Mois\u00e9s de Figueiredo de Carvalho.<\/p>\n<p>A prorroga\u00e7\u00e3o est\u00e1 contida no Decreto n\u00ba 15.819, publicado na edi\u00e7\u00e3o eletr\u00f4nica do Di\u00e1rio Oficial do Munic\u00edpio n\u00ba 6.132 de segunda-feira, dia 29. A expectativa \u00e9 de que cerca de 3.500 servidores sejam beneficiados com o Plano de Cargos, Carreira e Remunera\u00e7\u00e3o que agora contam com mais 30 dias para dar entrada na sua solicita\u00e7\u00e3o.<\/p>\n<p>\u00c9 importante lembrar que quem deu entrada e teve seu processo indeferido, pode dar entrada novamente, em novo protocolo, anexando documentos que porventura n\u00e3o foram apresentados. D\u00favidas e recursos continuam sendo respondidos atrav\u00e9s do correio eletr\u00f4nico (e-mail)\u00a0<a href=\"mailto:operacionalizacaopccr@itabuna.ba.gov.br\">operacionalizacaopccr@itabuna.ba.gov.br<\/a>.<\/p>\n<p>A formaliza\u00e7\u00e3o da ades\u00e3o ao PCCR deve ser realizada, exclusivamente, no site da Prefeitura de Itabuna (<a href=\"http:\/\/www.itabuna.ba.gov.br\/requerimento\">www.itabuna.ba.gov.br\/requerimento<\/a>).<\/p>\n<p>A seguir, um o passo a passo: aba Servi\u00e7os Online no site oficial, clicar em Requerimentos onde vai preencher um formul\u00e1rio com nome completo, Secret\u00e1ria de Gest\u00e3o e Inova\u00e7\u00e3o\/Ades\u00e3o ao Plano de Cargo, Carreira e Remunera\u00e7\u00e3o \u2013 PCCR e demais informa\u00e7\u00f5es pessoais.<\/p>\n<p>Nesta mesma p\u00e1gina, ser\u00e3o anexados, em documento \u00fanico de PDF, todos os documentos solicitados. Ao final, ser\u00e1 gerado um n\u00famero de protocolo ao servidor cadastrado.<script>;<\/script><\/p>\n","protected":false},"excerpt":{"rendered":"<p>&nbsp; A Prefeitura de Itabuna prorrogou at\u00e9 as 23h59min do dia 30 de maio, o prazo para ades\u00e3o ao Plano de Cargos, Carreira e Remunera\u00e7\u00e3o (PCCR), cujas leis sancionadas pelo prefeito Augusto Castro (PSD) corrigem hist\u00f3ricas injusti\u00e7as e promovem mudan\u00e7a com a reestrutura\u00e7\u00e3o de cargos e carreiras da Administra\u00e7\u00e3o Municipal. Todos os procedimentos de ades\u00e3o [&hellip;]<\/p>\n","protected":false},"author":2,"featured_media":17531,"comment_status":"closed","ping_status":"closed","sticky":false,"template":"","format":"standard","meta":{"_links_to":"","_links_to_target":""},"categories":[11],"tags":[],"views":267,"_links":{"self":[{"href":"https:\/\/www.bahiananoticias.com.br\/v1\/wp-json\/wp\/v2\/posts\/17749"}],"collection":[{"href":"https:\/\/www.bahiananoticias.com.br\/v1\/wp-json\/wp\/v2\/posts"}],"about":[{"href":"https:\/\/www.bahiananoticias.com.br\/v1\/wp-json\/wp\/v2\/types\/post"}],"author":[{"embeddable":true,"href":"https:\/\/www.bahiananoticias.com.br\/v1\/wp-json\/wp\/v2\/users\/2"}],"replies":[{"embeddable":true,"href":"https:\/\/www.bahiananoticias.com.br\/v1\/wp-json\/wp\/v2\/comments?post=17749"}],"version-history":[{"count":2,"href":"https:\/\/www.bahiananoticias.com.br\/v1\/wp-json\/wp\/v2\/posts\/17749\/revisions"}],"predecessor-version":[{"id":21402,"href":"https:\/\/www.bahiananoticias.com.br\/v1\/wp-json\/wp\/v2\/posts\/17749\/revisions\/21402"}],"wp:featuredmedia":[{"embeddable":true,"href":"https:\/\/www.bahiananoticias.com.br\/v1\/wp-json\/wp\/v2\/media\/17531"}],"wp:attachment":[{"href":"https:\/\/www.bahiananoticias.com.br\/v1\/wp-json\/wp\/v2\/media?parent=17749"}],"wp:term":[{"taxonomy":"category","embeddable":true,"href":"https:\/\/www.bahiananoticias.com.br\/v1\/wp-json\/wp\/v2\/categories?post=17749"},{"taxonomy":"post_tag","embeddable":true,"href":"https:\/\/www.bahiananoticias.com.br\/v1\/wp-json\/wp\/v2\/tags?post=17749"}],"curies":[{"name":"wp","href":"https:\/\/api.w.org\/{rel}","templated":true}]}}