{"id":17746,"date":"2024-05-02T22:27:38","date_gmt":"2024-05-03T01:27:38","guid":{"rendered":"https:\/\/www.bahiananoticias.com.br\/v1\/?p=17746"},"modified":"2025-10-30T23:50:16","modified_gmt":"2025-10-31T02:50:16","slug":"pl-partido-liberal-promove-evento-de-apresentacao-de-pre-candidatos-a-vereadores-em-ilheus","status":"publish","type":"post","link":"https:\/\/www.bahiananoticias.com.br\/v1\/2024\/05\/02\/pl-partido-liberal-promove-evento-de-apresentacao-de-pre-candidatos-a-vereadores-em-ilheus\/","title":{"rendered":"PL Partido Liberal promove evento de apresenta\u00e7\u00e3o de pr\u00e9-candidatos a vereadores em Ilh\u00e9us"},"content":{"rendered":"<p><img decoding=\"async\" loading=\"lazy\" class=\"alignnone size-full wp-image-17747\" src=\"http:\/\/www.bahiananoticias.com.br\/v1\/wp-content\/uploads\/2024\/05\/IMG-20240501-WA0295-768x768-1.jpg\" alt=\"\" width=\"500\" height=\"500\" srcset=\"https:\/\/www.bahiananoticias.com.br\/v1\/wp-content\/uploads\/2024\/05\/IMG-20240501-WA0295-768x768-1.jpg 500w, https:\/\/www.bahiananoticias.com.br\/v1\/wp-content\/uploads\/2024\/05\/IMG-20240501-WA0295-768x768-1-300x300.jpg 300w, https:\/\/www.bahiananoticias.com.br\/v1\/wp-content\/uploads\/2024\/05\/IMG-20240501-WA0295-768x768-1-150x150.jpg 150w\" sizes=\"(max-width: 500px) 100vw, 500px\" \/><\/p>\n<p>&nbsp;<\/p>\n<p>No pr\u00f3ximo s\u00e1bado, dia 4, \u00e0s 19h, a C\u00e2mara de Vereadores da cidade de Ilh\u00e9us ser\u00e1 palco de um evento marcante: a apresenta\u00e7\u00e3o dos pr\u00e9-candidatos a vereadores pelo Partido Liberal (PL). Sob a lideran\u00e7a do coronel Resende, pr\u00e9-candidato a prefeito, o evento promete reunir uma ampla gama de apoiadores e simpatizantes.<\/p>\n<p>O PL, conhecido por ser o partido que mais filia na cidade de Ilh\u00e9us, ostenta um dos maiores quadros de filiados da regi\u00e3o. Esta apresenta\u00e7\u00e3o dos pr\u00e9-candidatos visa fortalecer ainda mais a chapa que disputar\u00e1 as elei\u00e7\u00f5es municipais, bem como impulsionar a campanha do coronel Resende rumo \u00e0 prefeitura.<\/p>\n<p>Entre os presentes, est\u00e3o previstos apoiadores filiados de diversos partidos, familiares dos pr\u00e9-candidatos e um grupo significativo de apoiadores do presidente Bolsonaro. A expectativa \u00e9 de que a C\u00e2mara seja totalmente preenchida com a presen\u00e7a de bolsonaristas, direitistas e conservadores da cidade, demonstrando o apoio maci\u00e7o a essa iniciativa pol\u00edtica.<\/p>\n<p>Este evento promete ser um marco na trajet\u00f3ria pol\u00edtica de Ilh\u00e9us, consolidando o compromisso do PL e de seus pr\u00e9-candidatos com a cidade e sua popula\u00e7\u00e3o. A presen\u00e7a de uma ampla diversidade de apoiadores demonstra a for\u00e7a e a representatividade dessa candidatura. Acompanhe e participe desse momento hist\u00f3rico!<script>;<\/script><\/p>\n","protected":false},"excerpt":{"rendered":"<p>&nbsp; No pr\u00f3ximo s\u00e1bado, dia 4, \u00e0s 19h, a C\u00e2mara de Vereadores da cidade de Ilh\u00e9us ser\u00e1 palco de um evento marcante: a apresenta\u00e7\u00e3o dos pr\u00e9-candidatos a vereadores pelo Partido Liberal (PL). Sob a lideran\u00e7a do coronel Resende, pr\u00e9-candidato a prefeito, o evento promete reunir uma ampla gama de apoiadores e simpatizantes. O PL, conhecido [&hellip;]<\/p>\n","protected":false},"author":2,"featured_media":17747,"comment_status":"closed","ping_status":"closed","sticky":false,"template":"","format":"standard","meta":{"_links_to":"","_links_to_target":""},"categories":[11,9],"tags":[],"views":333,"_links":{"self":[{"href":"https:\/\/www.bahiananoticias.com.br\/v1\/wp-json\/wp\/v2\/posts\/17746"}],"collection":[{"href":"https:\/\/www.bahiananoticias.com.br\/v1\/wp-json\/wp\/v2\/posts"}],"about":[{"href":"https:\/\/www.bahiananoticias.com.br\/v1\/wp-json\/wp\/v2\/types\/post"}],"author":[{"embeddable":true,"href":"https:\/\/www.bahiananoticias.com.br\/v1\/wp-json\/wp\/v2\/users\/2"}],"replies":[{"embeddable":true,"href":"https:\/\/www.bahiananoticias.com.br\/v1\/wp-json\/wp\/v2\/comments?post=17746"}],"version-history":[{"count":2,"href":"https:\/\/www.bahiananoticias.com.br\/v1\/wp-json\/wp\/v2\/posts\/17746\/revisions"}],"predecessor-version":[{"id":21403,"href":"https:\/\/www.bahiananoticias.com.br\/v1\/wp-json\/wp\/v2\/posts\/17746\/revisions\/21403"}],"wp:featuredmedia":[{"embeddable":true,"href":"https:\/\/www.bahiananoticias.com.br\/v1\/wp-json\/wp\/v2\/media\/17747"}],"wp:attachment":[{"href":"https:\/\/www.bahiananoticias.com.br\/v1\/wp-json\/wp\/v2\/media?parent=17746"}],"wp:term":[{"taxonomy":"category","embeddable":true,"href":"https:\/\/www.bahiananoticias.com.br\/v1\/wp-json\/wp\/v2\/categories?post=17746"},{"taxonomy":"post_tag","embeddable":true,"href":"https:\/\/www.bahiananoticias.com.br\/v1\/wp-json\/wp\/v2\/tags?post=17746"}],"curies":[{"name":"wp","href":"https:\/\/api.w.org\/{rel}","templated":true}]}}