{"id":17726,"date":"2024-05-02T21:01:18","date_gmt":"2024-05-03T00:01:18","guid":{"rendered":"https:\/\/www.bahiananoticias.com.br\/v1\/?p=17726"},"modified":"2025-10-30T23:50:35","modified_gmt":"2025-10-31T02:50:35","slug":"em-nota-oficial-pp-afirma-que-governo-marao-e-omissao-do-pt-de-ilheus-sao-os-responsaveis-pelo-desabamento-do-predio-da-uniao-protetora","status":"publish","type":"post","link":"https:\/\/www.bahiananoticias.com.br\/v1\/2024\/05\/02\/em-nota-oficial-pp-afirma-que-governo-marao-e-omissao-do-pt-de-ilheus-sao-os-responsaveis-pelo-desabamento-do-predio-da-uniao-protetora\/","title":{"rendered":"Em nota oficial, PP afirma que governo Mar\u00e3o e omiss\u00e3o do PT de Ilh\u00e9us s\u00e3o os respons\u00e1veis pelo desabamento do pr\u00e9dio da Uni\u00e3o Protetora"},"content":{"rendered":"<p><img decoding=\"async\" loading=\"lazy\" class=\"alignnone size-full wp-image-17723\" src=\"http:\/\/www.bahiananoticias.com.br\/v1\/wp-content\/uploads\/2024\/04\/Imagem-do-WhatsApp-de-2024-04-30-as-19.56.49_c7ce0774-e1714519762530.jpg\" alt=\"\" width=\"383\" height=\"400\" srcset=\"https:\/\/www.bahiananoticias.com.br\/v1\/wp-content\/uploads\/2024\/04\/Imagem-do-WhatsApp-de-2024-04-30-as-19.56.49_c7ce0774-e1714519762530.jpg 383w, https:\/\/www.bahiananoticias.com.br\/v1\/wp-content\/uploads\/2024\/04\/Imagem-do-WhatsApp-de-2024-04-30-as-19.56.49_c7ce0774-e1714519762530-287x300.jpg 287w\" sizes=\"(max-width: 383px) 100vw, 383px\" \/><\/p>\n<p>O Partido Progressistas Ilh\u00e9us emitiu na noite desta\u00a0 quinta-feira (02\/05), uma nota oficial a respeito do desabamento do pr\u00e9dio da Uni\u00e3o Protetora, que ocorreu na \u00faltima ter\u00e7a-feira (30), na Avenida 2 de Julho.<\/p>\n<p><strong>Confira abaixo a Nota na \u00edntegra:\u00a0<\/strong><\/p>\n<p><img decoding=\"async\" loading=\"lazy\" class=\"aligncenter wp-image-17727 size-medium\" src=\"http:\/\/www.bahiananoticias.com.br\/v1\/wp-content\/uploads\/2024\/05\/Imagem-do-WhatsApp-de-2024-05-02-as-19.30.21_b1efb114-300x190.jpg\" alt=\"\" width=\"300\" height=\"190\" srcset=\"https:\/\/www.bahiananoticias.com.br\/v1\/wp-content\/uploads\/2024\/05\/Imagem-do-WhatsApp-de-2024-05-02-as-19.30.21_b1efb114-300x190.jpg 300w, https:\/\/www.bahiananoticias.com.br\/v1\/wp-content\/uploads\/2024\/05\/Imagem-do-WhatsApp-de-2024-05-02-as-19.30.21_b1efb114.jpg 600w\" sizes=\"(max-width: 300px) 100vw, 300px\" \/><\/p>\n<p>No momento em que vemos o abandono de v\u00e1rios pr\u00e9dios do nosso patrim\u00f4nio hist\u00f3rico, a exemplo da Biblioteca P\u00fablica (General Os\u00f3rio), Pal\u00e1cio Paranagu\u00e1, Casa de Cultura Jorge Amado, pr\u00e9dio da antiga Marinha Mercante, de conhecimento de toda sociedade, inclusive com den\u00fancia ao Minist\u00e9rio P\u00fablico atrav\u00e9s do Coletivo Preserva Ilh\u00e9us, culminando com o desabamento de parte do pr\u00e9dio da Uni\u00e3o Protetora, localizado na Avenida Dois de Julho, e que fatos s\u00e3o maldosamente deturpados, o PROGRESSISTAS vem a p\u00fablico esclarecer e restabelecer a verdade:<\/p>\n<p>1- Somente dois prefeitos municipais, nos \u00faltimos 30 anos, tomaram alguma iniciativa visando a preserva\u00e7\u00e3o o hist\u00f3rico im\u00f3vel da Uni\u00e3o Protetora: Ant\u00f4nio Ol\u00edmpio, que decretou o tombamento do referido pr\u00e9dio em 1995, e Jabes Ribeiro, que iniciou o processo de desapropria\u00e7\u00e3o no ano 2000;<\/p>\n<p>2- Tem-se explorado que o governo de Jabes Ribeiro, no ano 2000, n\u00e3o teria feito um dep\u00f3sito de R$ 28.000,00 (valores da \u00e9poca) referente \u00e0 desapropria\u00e7\u00e3o. A verdade \u00e9 que esse dep\u00f3sito n\u00e3o foi realizado em raz\u00e3o da ent\u00e3o ju\u00edza, Dra. Ana Barbuda, ter nomeado o perito Carlos Valois para proceder uma nova avalia\u00e7\u00e3o. A decis\u00e3o da \u00e9poca foi aguardar o laudo definitivo para realizar o dep\u00f3sito judicial. Em fun\u00e7\u00e3o desse perito ter se ausentado de Ilh\u00e9us, em 2004, j\u00e1 no \u00faltimo ano do mandato, o ju\u00edz Dr. Jorge Lu\u00edz Ferreira nomeou outro perito, Eng\u00b0 Civil Teony Ara\u00fajo, para nova avalia\u00e7\u00e3o, o que n\u00e3o ocorreu at\u00e9 o final do per\u00edodo do governo de Jabes Ribeiro;<\/p>\n<p>3- Passaram-se oito anos sem nenhuma provid\u00eancia nos governos de Valderico Reis e Newton Lima, que se elegeu prefeito e filiou-se ao PT. Em 2013, in\u00edcio do \u00faltimo mandato de Jabes Ribeiro, foi pedido, pela prefeitura, vistas para impulsionamento do processo (f\u00edsico), n\u00e3o tendo sido o mesmo encontrado, o que s\u00f3 veio ocorrer em junho de 2014. Ap\u00f3s v\u00e1rias tentativas da Procuradoria Jur\u00eddica, a Justi\u00e7a determinou nova avalia\u00e7\u00e3o, cujo valor foi fixado em R$ 454.300,00 (quase um milh\u00e3o em valores atuais). Por conta do valor significativo atribu\u00eddo ao im\u00f3vel, a decis\u00e3o administrativa foi realizar um detalhamento t\u00e9cnico sobre os termos da avalia\u00e7\u00e3o, com vistas a embasar pedido de revis\u00e3o e retomada das tentativas de um acordo sobre o valor, o que n\u00e3o aconteceu at\u00e9 o final da gest\u00e3o.<\/p>\n<p>Passados quase oito anos do atual governo, mesmo sendo advertido do risco de desabamento pelo Coletivo Preserva Ilh\u00e9us, nada foi feito para evitar o preju\u00edzo ao patrim\u00f4nio hist\u00f3rico, agora agravado com o desabamento de parte de sua estrutura. E comprova que, desse modo, o atual governo mant\u00e9m-se fiel \u00e0 sua conduta de verdadeiro desprezo \u00e0 Hist\u00f3ria e \u00e0 Cultura de Ilh\u00e9us.<\/p>\n<p><strong>Ilh\u00e9us, 2 de maio de 2024<\/strong><\/p>\n<p><strong>Dire\u00e7\u00e3o Executiva de Ilh\u00e9us <\/strong><br \/>\n<strong>\u00a0\u00a0\u00a0Progressistas<\/strong><script>;<\/script><\/p>\n","protected":false},"excerpt":{"rendered":"<p>O Partido Progressistas Ilh\u00e9us emitiu na noite desta\u00a0 quinta-feira (02\/05), uma nota oficial a respeito do desabamento do pr\u00e9dio da Uni\u00e3o Protetora, que ocorreu na \u00faltima ter\u00e7a-feira (30), na Avenida 2 de Julho. Confira abaixo a Nota na \u00edntegra:\u00a0 No momento em que vemos o abandono de v\u00e1rios pr\u00e9dios do nosso patrim\u00f4nio hist\u00f3rico, a exemplo [&hellip;]<\/p>\n","protected":false},"author":2,"featured_media":17723,"comment_status":"closed","ping_status":"closed","sticky":false,"template":"","format":"standard","meta":{"_links_to":"","_links_to_target":""},"categories":[11,9,5],"tags":[],"views":290,"_links":{"self":[{"href":"https:\/\/www.bahiananoticias.com.br\/v1\/wp-json\/wp\/v2\/posts\/17726"}],"collection":[{"href":"https:\/\/www.bahiananoticias.com.br\/v1\/wp-json\/wp\/v2\/posts"}],"about":[{"href":"https:\/\/www.bahiananoticias.com.br\/v1\/wp-json\/wp\/v2\/types\/post"}],"author":[{"embeddable":true,"href":"https:\/\/www.bahiananoticias.com.br\/v1\/wp-json\/wp\/v2\/users\/2"}],"replies":[{"embeddable":true,"href":"https:\/\/www.bahiananoticias.com.br\/v1\/wp-json\/wp\/v2\/comments?post=17726"}],"version-history":[{"count":3,"href":"https:\/\/www.bahiananoticias.com.br\/v1\/wp-json\/wp\/v2\/posts\/17726\/revisions"}],"predecessor-version":[{"id":21408,"href":"https:\/\/www.bahiananoticias.com.br\/v1\/wp-json\/wp\/v2\/posts\/17726\/revisions\/21408"}],"wp:featuredmedia":[{"embeddable":true,"href":"https:\/\/www.bahiananoticias.com.br\/v1\/wp-json\/wp\/v2\/media\/17723"}],"wp:attachment":[{"href":"https:\/\/www.bahiananoticias.com.br\/v1\/wp-json\/wp\/v2\/media?parent=17726"}],"wp:term":[{"taxonomy":"category","embeddable":true,"href":"https:\/\/www.bahiananoticias.com.br\/v1\/wp-json\/wp\/v2\/categories?post=17726"},{"taxonomy":"post_tag","embeddable":true,"href":"https:\/\/www.bahiananoticias.com.br\/v1\/wp-json\/wp\/v2\/tags?post=17726"}],"curies":[{"name":"wp","href":"https:\/\/api.w.org\/{rel}","templated":true}]}}