{"id":17430,"date":"2024-03-06T12:18:16","date_gmt":"2024-03-06T15:18:16","guid":{"rendered":"https:\/\/www.bahiananoticias.com.br\/v1\/?p=17430"},"modified":"2025-10-30T23:55:17","modified_gmt":"2025-10-31T02:55:17","slug":"radio-bahiana-am-1310-recebe-pre-candidata-a-prefeita-de-ilheus-pelo-partido-novo-nesta-quinta-feira-07","status":"publish","type":"post","link":"https:\/\/www.bahiananoticias.com.br\/v1\/2024\/03\/06\/radio-bahiana-am-1310-recebe-pre-candidata-a-prefeita-de-ilheus-pelo-partido-novo-nesta-quinta-feira-07\/","title":{"rendered":"R\u00e1dio Bahiana Am 1310 recebe pr\u00e9 candidata a prefeita de Ilh\u00e9us pelo Partido Novo, nesta quinta-feira (07)"},"content":{"rendered":"<p><img decoding=\"async\" loading=\"lazy\" class=\"aligncenter size-full wp-image-17431\" src=\"http:\/\/www.bahiananoticias.com.br\/v1\/wp-content\/uploads\/2024\/03\/ParabensatodososAdvogadoseAdvogadasFelizdiaQueorgulhosintoporexercertaonobreprofissaoAprendimuitocedocommeuspaisquejusticaeumvalorQuealegriaegratidaocaminharaoladodecolegasb.jpg\" alt=\"\" width=\"502\" height=\"500\" srcset=\"https:\/\/www.bahiananoticias.com.br\/v1\/wp-content\/uploads\/2024\/03\/ParabensatodososAdvogadoseAdvogadasFelizdiaQueorgulhosintoporexercertaonobreprofissaoAprendimuitocedocommeuspaisquejusticaeumvalorQuealegriaegratidaocaminharaoladodecolegasb.jpg 502w, https:\/\/www.bahiananoticias.com.br\/v1\/wp-content\/uploads\/2024\/03\/ParabensatodososAdvogadoseAdvogadasFelizdiaQueorgulhosintoporexercertaonobreprofissaoAprendimuitocedocommeuspaisquejusticaeumvalorQuealegriaegratidaocaminharaoladodecolegasb-300x300.jpg 300w, https:\/\/www.bahiananoticias.com.br\/v1\/wp-content\/uploads\/2024\/03\/ParabensatodososAdvogadoseAdvogadasFelizdiaQueorgulhosintoporexercertaonobreprofissaoAprendimuitocedocommeuspaisquejusticaeumvalorQuealegriaegratidaocaminharaoladodecolegasb-150x150.jpg 150w\" sizes=\"(max-width: 502px) 100vw, 502px\" \/><\/p>\n<p>A R\u00e1dio Bahiana receber\u00e1 nesta quinta-feira (07), no Programa Falando Direito, a advogada e pr\u00e9-candidata a prefeita de Ilh\u00e9us pelo partido Novo, Wanessa Bonfim Gedeon. A entrevista vai ao ar\u00a0 a partir das 12h, na Am 1310, e tamb\u00e9m poder\u00e1 ser acompanhada atrav\u00e9s do youtube da R\u00e1dio Bahiana.<\/p>\n<p>Wanessa atualmente ocupa a vice-presid\u00eancia da OAB-Ilh\u00e9us e tem se destacado na pol\u00edtica local. Al\u00e9m disso, j\u00e1 ocupou cargos importantes na prefeitura de Ilh\u00e9us.<\/p>\n<p>&nbsp;<script>;<\/script><\/p>\n","protected":false},"excerpt":{"rendered":"<p>A R\u00e1dio Bahiana receber\u00e1 nesta quinta-feira (07), no Programa Falando Direito, a advogada e pr\u00e9-candidata a prefeita de Ilh\u00e9us pelo partido Novo, Wanessa Bonfim Gedeon. A entrevista vai ao ar\u00a0 a partir das 12h, na Am 1310, e tamb\u00e9m poder\u00e1 ser acompanhada atrav\u00e9s do youtube da R\u00e1dio Bahiana. Wanessa atualmente ocupa a vice-presid\u00eancia da OAB-Ilh\u00e9us [&hellip;]<\/p>\n","protected":false},"author":2,"featured_media":17431,"comment_status":"closed","ping_status":"closed","sticky":false,"template":"","format":"standard","meta":{"_links_to":"","_links_to_target":""},"categories":[11,1],"tags":[],"views":276,"_links":{"self":[{"href":"https:\/\/www.bahiananoticias.com.br\/v1\/wp-json\/wp\/v2\/posts\/17430"}],"collection":[{"href":"https:\/\/www.bahiananoticias.com.br\/v1\/wp-json\/wp\/v2\/posts"}],"about":[{"href":"https:\/\/www.bahiananoticias.com.br\/v1\/wp-json\/wp\/v2\/types\/post"}],"author":[{"embeddable":true,"href":"https:\/\/www.bahiananoticias.com.br\/v1\/wp-json\/wp\/v2\/users\/2"}],"replies":[{"embeddable":true,"href":"https:\/\/www.bahiananoticias.com.br\/v1\/wp-json\/wp\/v2\/comments?post=17430"}],"version-history":[{"count":3,"href":"https:\/\/www.bahiananoticias.com.br\/v1\/wp-json\/wp\/v2\/posts\/17430\/revisions"}],"predecessor-version":[{"id":21479,"href":"https:\/\/www.bahiananoticias.com.br\/v1\/wp-json\/wp\/v2\/posts\/17430\/revisions\/21479"}],"wp:featuredmedia":[{"embeddable":true,"href":"https:\/\/www.bahiananoticias.com.br\/v1\/wp-json\/wp\/v2\/media\/17431"}],"wp:attachment":[{"href":"https:\/\/www.bahiananoticias.com.br\/v1\/wp-json\/wp\/v2\/media?parent=17430"}],"wp:term":[{"taxonomy":"category","embeddable":true,"href":"https:\/\/www.bahiananoticias.com.br\/v1\/wp-json\/wp\/v2\/categories?post=17430"},{"taxonomy":"post_tag","embeddable":true,"href":"https:\/\/www.bahiananoticias.com.br\/v1\/wp-json\/wp\/v2\/tags?post=17430"}],"curies":[{"name":"wp","href":"https:\/\/api.w.org\/{rel}","templated":true}]}}