{"id":17380,"date":"2024-02-29T14:05:51","date_gmt":"2024-02-29T17:05:51","guid":{"rendered":"https:\/\/www.bahiananoticias.com.br\/v1\/?p=17380"},"modified":"2025-10-30T23:55:58","modified_gmt":"2025-10-31T02:55:58","slug":"atencao-transito-alterado-para-a-realizacao-do-treinao-costa-a-costa-dia-02-de-marco","status":"publish","type":"post","link":"https:\/\/www.bahiananoticias.com.br\/v1\/2024\/02\/29\/atencao-transito-alterado-para-a-realizacao-do-treinao-costa-a-costa-dia-02-de-marco\/","title":{"rendered":"Aten\u00e7\u00e3o! Tr\u00e2nsito alterado para a realiza\u00e7\u00e3o do Trein\u00e3o Costa a Costa, dia 02 de mar\u00e7o"},"content":{"rendered":"<p><img decoding=\"async\" loading=\"lazy\" class=\"aligncenter size-full wp-image-17381\" src=\"http:\/\/www.bahiananoticias.com.br\/v1\/wp-content\/uploads\/2024\/02\/1000010116.jpg\" alt=\"\" width=\"600\" height=\"450\" srcset=\"https:\/\/www.bahiananoticias.com.br\/v1\/wp-content\/uploads\/2024\/02\/1000010116.jpg 600w, https:\/\/www.bahiananoticias.com.br\/v1\/wp-content\/uploads\/2024\/02\/1000010116-300x225.jpg 300w\" sizes=\"(max-width: 600px) 100vw, 600px\" \/><\/p>\n<p>&nbsp;<\/p>\n<p>No pr\u00f3ximo s\u00e1bado (02), acontece o Trein\u00e3o Costa a Costa \u2013 corrida de 5km e caminhada de 2,5 Km \u2013, com largada prevista para \u00e0s 07 horas, na Avenida Soares Lopes (pr\u00f3ximo a Pra\u00e7a de Alimenta\u00e7\u00e3o\/Aero Shake). E, devido \u00e0 realiza\u00e7\u00e3o da prova, o tr\u00e2nsito na regi\u00e3o ser\u00e1 alterado.<\/p>\n<p>O Trein\u00e3o ter\u00e1 largada e chegada na Av. Soares Lopes (pr\u00f3ximo a Pra\u00e7a de Alimenta\u00e7\u00e3o\/Aero Shake), o percurso segue sentido Praia do Sul, at\u00e9 antes do retorno (pr\u00f3ximo ao Restaurante Mangue Seco), onde os participantes far\u00e3o o retorno. Com isso, o tr\u00e2nsito na regi\u00e3o ser\u00e1 parcialmente modificado, das 6 \u00e0s 10 horas.<\/p>\n<p>Ser\u00e3o interditadas a Av. Soares Lopes (pr\u00f3ximo a Pra\u00e7a de Alimenta\u00e7\u00e3o\/Aero Shake), a Ponte Jorge Amado e a BA-001 (pr\u00f3ximo ao retorno\/Restaurante Mangue Seco). Apenas o sentido Centro-Praia do Sul ter\u00e1 o tr\u00e2nsito alterado, o sentido contr\u00e1rio fluir\u00e1 normalmente. Os motoristas que v\u00eam da Zona Sul poder\u00e3o seguir sentido a Av. Lomanto J\u00fanior\/Ponte Lomanto J\u00fanior, para ter acesso ao Centro de Ilh\u00e9us.<\/p>\n<p>O Trein\u00e3o Costa a Costa faz parte da programa\u00e7\u00e3o do Ver\u00e3o Costa a Costa, que ocorre entre os dias 29 de fevereiro e 03 de mar\u00e7o. Este evento \u00e9 resultado de uma parceria entre o Governo do Estado e a Prefeitura de Ilh\u00e9us, que buscam promover diferentes modalidades esportivas. Al\u00e9m da programa\u00e7\u00e3o oficial do evento, a Prefeitura de Ilh\u00e9us abra\u00e7ou outros esportes como a corrida, com o Trein\u00e3o Costa Costa, praticantes de Taekwondo, Skate, Xadrez, entre outros.<script>;<\/script><\/p>\n","protected":false},"excerpt":{"rendered":"<p>&nbsp; No pr\u00f3ximo s\u00e1bado (02), acontece o Trein\u00e3o Costa a Costa \u2013 corrida de 5km e caminhada de 2,5 Km \u2013, com largada prevista para \u00e0s 07 horas, na Avenida Soares Lopes (pr\u00f3ximo a Pra\u00e7a de Alimenta\u00e7\u00e3o\/Aero Shake). E, devido \u00e0 realiza\u00e7\u00e3o da prova, o tr\u00e2nsito na regi\u00e3o ser\u00e1 alterado. O Trein\u00e3o ter\u00e1 largada e [&hellip;]<\/p>\n","protected":false},"author":2,"featured_media":17381,"comment_status":"closed","ping_status":"closed","sticky":false,"template":"","format":"standard","meta":{"_links_to":"","_links_to_target":""},"categories":[11],"tags":[],"views":264,"_links":{"self":[{"href":"https:\/\/www.bahiananoticias.com.br\/v1\/wp-json\/wp\/v2\/posts\/17380"}],"collection":[{"href":"https:\/\/www.bahiananoticias.com.br\/v1\/wp-json\/wp\/v2\/posts"}],"about":[{"href":"https:\/\/www.bahiananoticias.com.br\/v1\/wp-json\/wp\/v2\/types\/post"}],"author":[{"embeddable":true,"href":"https:\/\/www.bahiananoticias.com.br\/v1\/wp-json\/wp\/v2\/users\/2"}],"replies":[{"embeddable":true,"href":"https:\/\/www.bahiananoticias.com.br\/v1\/wp-json\/wp\/v2\/comments?post=17380"}],"version-history":[{"count":3,"href":"https:\/\/www.bahiananoticias.com.br\/v1\/wp-json\/wp\/v2\/posts\/17380\/revisions"}],"predecessor-version":[{"id":21489,"href":"https:\/\/www.bahiananoticias.com.br\/v1\/wp-json\/wp\/v2\/posts\/17380\/revisions\/21489"}],"wp:featuredmedia":[{"embeddable":true,"href":"https:\/\/www.bahiananoticias.com.br\/v1\/wp-json\/wp\/v2\/media\/17381"}],"wp:attachment":[{"href":"https:\/\/www.bahiananoticias.com.br\/v1\/wp-json\/wp\/v2\/media?parent=17380"}],"wp:term":[{"taxonomy":"category","embeddable":true,"href":"https:\/\/www.bahiananoticias.com.br\/v1\/wp-json\/wp\/v2\/categories?post=17380"},{"taxonomy":"post_tag","embeddable":true,"href":"https:\/\/www.bahiananoticias.com.br\/v1\/wp-json\/wp\/v2\/tags?post=17380"}],"curies":[{"name":"wp","href":"https:\/\/api.w.org\/{rel}","templated":true}]}}