{"id":17375,"date":"2024-02-28T19:07:31","date_gmt":"2024-02-28T22:07:31","guid":{"rendered":"https:\/\/www.bahiananoticias.com.br\/v1\/?p=17375"},"modified":"2025-10-30T23:56:06","modified_gmt":"2025-10-31T02:56:06","slug":"comissao-da-camara-de-ilheus-abre-caminho-para-o-pagamento-dos-precatorios-dos-professores","status":"publish","type":"post","link":"https:\/\/www.bahiananoticias.com.br\/v1\/2024\/02\/28\/comissao-da-camara-de-ilheus-abre-caminho-para-o-pagamento-dos-precatorios-dos-professores\/","title":{"rendered":"Comiss\u00e3o da C\u00e2mara de Ilh\u00e9us abre caminho para o pagamento dos precat\u00f3rios dos professores"},"content":{"rendered":"<p><img decoding=\"async\" loading=\"lazy\" class=\"aligncenter size-full wp-image-17376\" src=\"http:\/\/www.bahiananoticias.com.br\/v1\/wp-content\/uploads\/2024\/02\/Imagem-do-WhatsApp-de-2024-02-28-as-14.09.48_d26aee4d.jpg\" alt=\"\" width=\"600\" height=\"394\" srcset=\"https:\/\/www.bahiananoticias.com.br\/v1\/wp-content\/uploads\/2024\/02\/Imagem-do-WhatsApp-de-2024-02-28-as-14.09.48_d26aee4d.jpg 600w, https:\/\/www.bahiananoticias.com.br\/v1\/wp-content\/uploads\/2024\/02\/Imagem-do-WhatsApp-de-2024-02-28-as-14.09.48_d26aee4d-300x197.jpg 300w\" sizes=\"(max-width: 600px) 100vw, 600px\" \/><\/p>\n<p>Na \u00faltima ter\u00e7a-feira (27), a C\u00e2mara de Vereadores de Ilh\u00e9us aprovou o requerimento da comiss\u00e3o de Finan\u00e7as, Or\u00e7amento, Obras e Servi\u00e7os, solicitando ao prefeito M\u00e1rio Alexandre a publica\u00e7\u00e3o imediata de um decreto de urg\u00eancia para o pagamento dos precat\u00f3rios do Fundef destinados aos professores que atuaram entre 1998 e 2006.<\/p>\n<p>O vereador Gurita, autor do requerimento, informou que os valores est\u00e3o dispon\u00edveis em uma conta espec\u00edfica e n\u00e3o est\u00e3o bloqueados judicialmente, apesar da exist\u00eancia de uma a\u00e7\u00e3o civil p\u00fablica contra o munic\u00edpio movida pelo sindicato.<\/p>\n<p>Gurita tamb\u00e9m destacou a exist\u00eancia de uma lei que permite o pagamento sem prejudicar as finan\u00e7as municipais, mesmo sem rela\u00e7\u00e3o direta com a a\u00e7\u00e3o coletiva.<\/p>\n<p>O requerimento foi encaminhado ao prefeito M\u00e1rio Alexandre para provid\u00eancias imediatas.<script>;<\/script><\/p>\n","protected":false},"excerpt":{"rendered":"<p>Na \u00faltima ter\u00e7a-feira (27), a C\u00e2mara de Vereadores de Ilh\u00e9us aprovou o requerimento da comiss\u00e3o de Finan\u00e7as, Or\u00e7amento, Obras e Servi\u00e7os, solicitando ao prefeito M\u00e1rio Alexandre a publica\u00e7\u00e3o imediata de um decreto de urg\u00eancia para o pagamento dos precat\u00f3rios do Fundef destinados aos professores que atuaram entre 1998 e 2006. O vereador Gurita, autor do [&hellip;]<\/p>\n","protected":false},"author":2,"featured_media":17376,"comment_status":"closed","ping_status":"closed","sticky":false,"template":"","format":"standard","meta":{"_links_to":"","_links_to_target":""},"categories":[11],"tags":[],"views":279,"_links":{"self":[{"href":"https:\/\/www.bahiananoticias.com.br\/v1\/wp-json\/wp\/v2\/posts\/17375"}],"collection":[{"href":"https:\/\/www.bahiananoticias.com.br\/v1\/wp-json\/wp\/v2\/posts"}],"about":[{"href":"https:\/\/www.bahiananoticias.com.br\/v1\/wp-json\/wp\/v2\/types\/post"}],"author":[{"embeddable":true,"href":"https:\/\/www.bahiananoticias.com.br\/v1\/wp-json\/wp\/v2\/users\/2"}],"replies":[{"embeddable":true,"href":"https:\/\/www.bahiananoticias.com.br\/v1\/wp-json\/wp\/v2\/comments?post=17375"}],"version-history":[{"count":2,"href":"https:\/\/www.bahiananoticias.com.br\/v1\/wp-json\/wp\/v2\/posts\/17375\/revisions"}],"predecessor-version":[{"id":21491,"href":"https:\/\/www.bahiananoticias.com.br\/v1\/wp-json\/wp\/v2\/posts\/17375\/revisions\/21491"}],"wp:featuredmedia":[{"embeddable":true,"href":"https:\/\/www.bahiananoticias.com.br\/v1\/wp-json\/wp\/v2\/media\/17376"}],"wp:attachment":[{"href":"https:\/\/www.bahiananoticias.com.br\/v1\/wp-json\/wp\/v2\/media?parent=17375"}],"wp:term":[{"taxonomy":"category","embeddable":true,"href":"https:\/\/www.bahiananoticias.com.br\/v1\/wp-json\/wp\/v2\/categories?post=17375"},{"taxonomy":"post_tag","embeddable":true,"href":"https:\/\/www.bahiananoticias.com.br\/v1\/wp-json\/wp\/v2\/tags?post=17375"}],"curies":[{"name":"wp","href":"https:\/\/api.w.org\/{rel}","templated":true}]}}