{"id":17175,"date":"2024-02-09T09:50:15","date_gmt":"2024-02-09T12:50:15","guid":{"rendered":"https:\/\/www.bahiananoticias.com.br\/v1\/?p=17175"},"modified":"2025-10-30T23:58:59","modified_gmt":"2025-10-31T02:58:59","slug":"carnaval-cultural-e-de-rua-de-olivenca-comeca-neste-sabado-10-confira-a-programacao-completa","status":"publish","type":"post","link":"https:\/\/www.bahiananoticias.com.br\/v1\/2024\/02\/09\/carnaval-cultural-e-de-rua-de-olivenca-comeca-neste-sabado-10-confira-a-programacao-completa\/","title":{"rendered":"Carnaval cultural e de rua de Oliven\u00e7a come\u00e7a neste s\u00e1bado (10); confira a programa\u00e7\u00e3o completa"},"content":{"rendered":"<p><img decoding=\"async\" loading=\"lazy\" class=\"aligncenter size-full wp-image-17176\" src=\"http:\/\/www.bahiananoticias.com.br\/v1\/wp-content\/uploads\/2024\/02\/1000006952.jpg\" alt=\"\" width=\"500\" height=\"500\" srcset=\"https:\/\/www.bahiananoticias.com.br\/v1\/wp-content\/uploads\/2024\/02\/1000006952.jpg 500w, https:\/\/www.bahiananoticias.com.br\/v1\/wp-content\/uploads\/2024\/02\/1000006952-300x300.jpg 300w, https:\/\/www.bahiananoticias.com.br\/v1\/wp-content\/uploads\/2024\/02\/1000006952-150x150.jpg 150w\" sizes=\"(max-width: 500px) 100vw, 500px\" \/><\/p>\n<p>Carnaval Cultural vai ganhar as ruas de Oliven\u00e7a a partir do pr\u00f3ximo s\u00e1bado (10). O Distrito que \u00e9 um dos principais destinos tur\u00edsticos do Sul da Bahia ter\u00e1 o desfile de sete blocos de rua e v\u00e1rias bandas regionais, com o objetivo de valorizar e resgatar as manifesta\u00e7\u00f5es culturais de uma das festas de maior express\u00e3o popular do mundo.<\/p>\n<p>Com uma programa\u00e7\u00e3o diversa, a festa momesca acontece nos dias 10, 11, 12 e 13 de fevereiro, na Pra\u00e7a Claudio Magalh\u00e3es e promete agitar os foli\u00f5es do distrito e seu entorno, al\u00e9m de turistas de v\u00e1rias regi\u00f5es brasileiras. Com uma estimativa de p\u00fablico de 3 mil pessoas, o evento tamb\u00e9m \u00e9 uma \u00f3tima oportunidade de movimentar e incentivar a economia local, gerando emprego e renda e promovendo a valoriza\u00e7\u00e3o de artistas locais.<\/p>\n<p>O Carnaval Cultural e de Rua de Oliven\u00e7a \u00e9 promovido pela Comunidade de Oliven\u00e7a, atrav\u00e9s do Grupo de Fomento cultural de Blocos de rua , Ponto de Cultura Machadeiros e Associa\u00e7\u00e3o dos Machadeiros de Oliven\u00e7a (AMAO), com o apoio da Prefeitura Municipal de Ilh\u00e9us e do Vereador Cl\u00e1udio Magalh\u00e3es, recebe o patroc\u00ednio do Governo da Bahia, atrav\u00e9s da Bahiag\u00e1s, e conta com a parceria da Associa\u00e7\u00e3o para Defesa da Cidadania (Adecon).<br \/>\nConfira a programa\u00e7\u00e3o completa:<\/p>\n<p><strong>10\/02\/2024 (s\u00e1bado)<\/strong><\/p>\n<p>\u2013 Bloco Pula Corno, a partir das 19h<br \/>\n\u2013 Bloco Nasa, a partir das 20h<br \/>\n\u2013 Allan Diniz, 00h<\/p>\n<p><strong>11\/02\/2024 (domingo)<\/strong><\/p>\n<p>\u2013 Bloco Levada da Capoeira, 16h<br \/>\n\u2013 Bloco Maria Ful\u00f4, 17h<br \/>\n\u2013 Bloco Diga Vai, 19h<br \/>\n\u2013 + Ax\u00e9, 00:00hs<\/p>\n<p><strong>12\/02\/2024 (segunda)<\/strong><\/p>\n<p>\u2013 Bloco Treme Treme,19h<br \/>\n\u2013 T\u00e1ssio Freitas, 00h<\/p>\n<p><strong>13\/02\/2024 (ter\u00e7a)<\/strong><\/p>\n<p>\u2013 Bloco Bonde do au au, 19h<br \/>\n\u2013 \u2060Pago funk 22h<br \/>\n\u2013 Top Gan, 00h<script>;<\/script><\/p>\n","protected":false},"excerpt":{"rendered":"<p>Carnaval Cultural vai ganhar as ruas de Oliven\u00e7a a partir do pr\u00f3ximo s\u00e1bado (10). O Distrito que \u00e9 um dos principais destinos tur\u00edsticos do Sul da Bahia ter\u00e1 o desfile de sete blocos de rua e v\u00e1rias bandas regionais, com o objetivo de valorizar e resgatar as manifesta\u00e7\u00f5es culturais de uma das festas de maior [&hellip;]<\/p>\n","protected":false},"author":2,"featured_media":17176,"comment_status":"closed","ping_status":"closed","sticky":false,"template":"","format":"standard","meta":{"_links_to":"","_links_to_target":""},"categories":[11],"tags":[],"views":314,"_links":{"self":[{"href":"https:\/\/www.bahiananoticias.com.br\/v1\/wp-json\/wp\/v2\/posts\/17175"}],"collection":[{"href":"https:\/\/www.bahiananoticias.com.br\/v1\/wp-json\/wp\/v2\/posts"}],"about":[{"href":"https:\/\/www.bahiananoticias.com.br\/v1\/wp-json\/wp\/v2\/types\/post"}],"author":[{"embeddable":true,"href":"https:\/\/www.bahiananoticias.com.br\/v1\/wp-json\/wp\/v2\/users\/2"}],"replies":[{"embeddable":true,"href":"https:\/\/www.bahiananoticias.com.br\/v1\/wp-json\/wp\/v2\/comments?post=17175"}],"version-history":[{"count":3,"href":"https:\/\/www.bahiananoticias.com.br\/v1\/wp-json\/wp\/v2\/posts\/17175\/revisions"}],"predecessor-version":[{"id":21534,"href":"https:\/\/www.bahiananoticias.com.br\/v1\/wp-json\/wp\/v2\/posts\/17175\/revisions\/21534"}],"wp:featuredmedia":[{"embeddable":true,"href":"https:\/\/www.bahiananoticias.com.br\/v1\/wp-json\/wp\/v2\/media\/17176"}],"wp:attachment":[{"href":"https:\/\/www.bahiananoticias.com.br\/v1\/wp-json\/wp\/v2\/media?parent=17175"}],"wp:term":[{"taxonomy":"category","embeddable":true,"href":"https:\/\/www.bahiananoticias.com.br\/v1\/wp-json\/wp\/v2\/categories?post=17175"},{"taxonomy":"post_tag","embeddable":true,"href":"https:\/\/www.bahiananoticias.com.br\/v1\/wp-json\/wp\/v2\/tags?post=17175"}],"curies":[{"name":"wp","href":"https:\/\/api.w.org\/{rel}","templated":true}]}}