{"id":16037,"date":"2023-04-24T19:50:08","date_gmt":"2023-04-24T22:50:08","guid":{"rendered":"https:\/\/www.bahiananoticias.com.br\/v1\/?p=16037"},"modified":"2023-04-24T19:50:08","modified_gmt":"2023-04-24T22:50:08","slug":"mp-diz-que-juiz-tomou-decisao-estranha-e-sem-fundamentacao-ao-decretar-prisao-do-presidente-da-camara-de-ilheus","status":"publish","type":"post","link":"https:\/\/www.bahiananoticias.com.br\/v1\/2023\/04\/24\/mp-diz-que-juiz-tomou-decisao-estranha-e-sem-fundamentacao-ao-decretar-prisao-do-presidente-da-camara-de-ilheus\/","title":{"rendered":"MP diz que Juiz tomou decis\u00e3o estranha e sem fundamenta\u00e7\u00e3o ao decretar pris\u00e3o do presidente da C\u00e2mara de Ilh\u00e9us"},"content":{"rendered":"<p><img decoding=\"async\" loading=\"lazy\" class=\"aligncenter size-full wp-image-16038\" src=\"http:\/\/www.bahiananoticias.com.br\/v1\/wp-content\/uploads\/2023\/04\/E1A42930-3339-4B95-BFFB-F80F73CBD735.jpeg\" alt=\"\" width=\"600\" height=\"450\" srcset=\"https:\/\/www.bahiananoticias.com.br\/v1\/wp-content\/uploads\/2023\/04\/E1A42930-3339-4B95-BFFB-F80F73CBD735.jpeg 600w, https:\/\/www.bahiananoticias.com.br\/v1\/wp-content\/uploads\/2023\/04\/E1A42930-3339-4B95-BFFB-F80F73CBD735-300x225.jpeg 300w\" sizes=\"(max-width: 600px) 100vw, 600px\" \/><\/p>\n<p>No \u00faltimo dia 17, o Minist\u00e9rio P\u00fablico da Bahia, atrav\u00e9s da Procuradora \u00c1urea L\u00facia Souza Sampaio, emitiu um parecer em favor do presidente da C\u00e2mara de Vereadores de Ilh\u00e9us, o vereador Abra\u00e3o Oliveira (PDT), e em desfavor do juiz da Vara da Fazenda P\u00fablica da cidade, Alex Miranda, que havia alegado crime de falsidade ideol\u00f3gica em documento p\u00fablico e decretado pris\u00e3o em flagrante do vereador, em 1\u00ba de abril.<\/p>\n<p>Segundo a Procuradora, a decis\u00e3o do juiz foi estranha, al\u00e9m de ter imputado o artigo 299 do C\u00f3digo Penal ao vereador, \u201cfun\u00e7\u00e3o que n\u00e3o lhe compete\u201d, declarou. Ainda de acordo com a decis\u00e3o do Minist\u00e9rio P\u00fablico, a medida tomada pelo Juiz Alex Miranda n\u00e3o possu\u00eda fundamenta\u00e7\u00e3o alguma para ter sido tomada. Diante disso, a Procuradora de Justi\u00e7a anulou e afastou a \u201csuposta flagr\u00e2ncia delitiva\u201d despachada pelo Juiz Alex.<!--more--><\/p>\n<div id=\"attachment_16039\" style=\"width: 610px\" class=\"wp-caption aligncenter\"><img aria-describedby=\"caption-attachment-16039\" decoding=\"async\" loading=\"lazy\" class=\"size-full wp-image-16039\" src=\"http:\/\/www.bahiananoticias.com.br\/v1\/wp-content\/uploads\/2023\/04\/8E805AC7-8AC9-4443-BAB4-4D97951BF630.jpeg\" alt=\"\" width=\"600\" height=\"477\" srcset=\"https:\/\/www.bahiananoticias.com.br\/v1\/wp-content\/uploads\/2023\/04\/8E805AC7-8AC9-4443-BAB4-4D97951BF630.jpeg 600w, https:\/\/www.bahiananoticias.com.br\/v1\/wp-content\/uploads\/2023\/04\/8E805AC7-8AC9-4443-BAB4-4D97951BF630-300x239.jpeg 300w\" sizes=\"(max-width: 600px) 100vw, 600px\" \/><p id=\"caption-attachment-16039\" class=\"wp-caption-text\">Juiz Alex Miranda<\/p><\/div>\n<p>O Tribunal de Justi\u00e7a da Bahia j\u00e1 havia suspendido, em 2 de abril, a ordem de pris\u00e3o dada ao presidente da C\u00e2mara de Ilh\u00e9us. A liminar foi despachada pela Desembargadora Aracy Lima Borges.<\/p>\n","protected":false},"excerpt":{"rendered":"<p>No \u00faltimo dia 17, o Minist\u00e9rio P\u00fablico da Bahia, atrav\u00e9s da Procuradora \u00c1urea L\u00facia Souza Sampaio, emitiu um parecer em favor do presidente da C\u00e2mara de Vereadores de Ilh\u00e9us, o vereador Abra\u00e3o Oliveira (PDT), e em desfavor do juiz da Vara da Fazenda P\u00fablica da cidade, Alex Miranda, que havia alegado crime de falsidade ideol\u00f3gica [&hellip;]<\/p>\n","protected":false},"author":2,"featured_media":16038,"comment_status":"closed","ping_status":"closed","sticky":false,"template":"","format":"standard","meta":{"_links_to":"","_links_to_target":""},"categories":[1],"tags":[],"views":300,"_links":{"self":[{"href":"https:\/\/www.bahiananoticias.com.br\/v1\/wp-json\/wp\/v2\/posts\/16037"}],"collection":[{"href":"https:\/\/www.bahiananoticias.com.br\/v1\/wp-json\/wp\/v2\/posts"}],"about":[{"href":"https:\/\/www.bahiananoticias.com.br\/v1\/wp-json\/wp\/v2\/types\/post"}],"author":[{"embeddable":true,"href":"https:\/\/www.bahiananoticias.com.br\/v1\/wp-json\/wp\/v2\/users\/2"}],"replies":[{"embeddable":true,"href":"https:\/\/www.bahiananoticias.com.br\/v1\/wp-json\/wp\/v2\/comments?post=16037"}],"version-history":[{"count":1,"href":"https:\/\/www.bahiananoticias.com.br\/v1\/wp-json\/wp\/v2\/posts\/16037\/revisions"}],"predecessor-version":[{"id":16040,"href":"https:\/\/www.bahiananoticias.com.br\/v1\/wp-json\/wp\/v2\/posts\/16037\/revisions\/16040"}],"wp:featuredmedia":[{"embeddable":true,"href":"https:\/\/www.bahiananoticias.com.br\/v1\/wp-json\/wp\/v2\/media\/16038"}],"wp:attachment":[{"href":"https:\/\/www.bahiananoticias.com.br\/v1\/wp-json\/wp\/v2\/media?parent=16037"}],"wp:term":[{"taxonomy":"category","embeddable":true,"href":"https:\/\/www.bahiananoticias.com.br\/v1\/wp-json\/wp\/v2\/categories?post=16037"},{"taxonomy":"post_tag","embeddable":true,"href":"https:\/\/www.bahiananoticias.com.br\/v1\/wp-json\/wp\/v2\/tags?post=16037"}],"curies":[{"name":"wp","href":"https:\/\/api.w.org\/{rel}","templated":true}]}}