{"id":15103,"date":"2023-02-03T08:06:56","date_gmt":"2023-02-03T11:06:56","guid":{"rendered":"https:\/\/www.bahiananoticias.com.br\/v1\/?p=15103"},"modified":"2023-02-03T08:06:56","modified_gmt":"2023-02-03T11:06:56","slug":"ministra-assegura-reajuste-de-bolsas-de-pesquisa-ainda-no-1o-semestre","status":"publish","type":"post","link":"https:\/\/www.bahiananoticias.com.br\/v1\/2023\/02\/03\/ministra-assegura-reajuste-de-bolsas-de-pesquisa-ainda-no-1o-semestre\/","title":{"rendered":"Ministra assegura reajuste de bolsas de pesquisa ainda no 1\u00ba semestre"},"content":{"rendered":"<p><img decoding=\"async\" loading=\"lazy\" class=\"aligncenter size-full wp-image-14592\" src=\"https:\/\/www.bahiananoticias.com.br\/v1\/wp-content\/uploads\/2022\/12\/UESC_foto-NAZAU.jpg\" alt=\"\" width=\"500\" height=\"203\" srcset=\"https:\/\/www.bahiananoticias.com.br\/v1\/wp-content\/uploads\/2022\/12\/UESC_foto-NAZAU.jpg 500w, https:\/\/www.bahiananoticias.com.br\/v1\/wp-content\/uploads\/2022\/12\/UESC_foto-NAZAU-300x122.jpg 300w\" sizes=\"(max-width: 500px) 100vw, 500px\" \/><\/p>\n<p>A ministra de Ci\u00eancia, Tecnologia e Inova\u00e7\u00e3o, Luciana Santos, garantiu\u00a0hoje\u00a0(2) que o reajuste das bolsas de pesquisa cient\u00edfica ocorrer\u00e1 ainda no primeiro semestre de 2023. Em discurso realizado no Rio\u00a0de Janeiro, durante a 13\u00ba Bienal da Uni\u00e3o Nacional dos Estudantes (UNE), ela disse que n\u00e3o poderia adiantar quais ser\u00e3o os novos valores.<img decoding=\"async\" src=\"https:\/\/agenciabrasil.ebc.com.br\/ebc.png?id=1507884&amp;o=node\" \/><img decoding=\"async\" src=\"https:\/\/agenciabrasil.ebc.com.br\/ebc.gif?id=1507884&amp;o=node\" \/><\/p>\n<p>&#8220;Quem vai anunciar ser\u00e1 o presidente Lula&#8221;, justificou. As duas principais institui\u00e7\u00f5es respons\u00e1veis pelo fomento da pesquisa no pa\u00eds s\u00e3o o Conselho Nacional de Desenvolvimento Cient\u00edfico e Tecnol\u00f3gico (CNPQ), vinculado ao Minist\u00e9rio da Ci\u00eancia, Tecnologia e Inova\u00e7\u00e3o (MCTI), e a Coordena\u00e7\u00e3o de Aperfei\u00e7oamento de Pessoal de N\u00edvel Superior (Capes), atrelado ao Minist\u00e9rio da Educa\u00e7\u00e3o (MEC). Os valores das bolsas pagas por ambos n\u00e3o s\u00e3o atualizados desde 2013.<\/p>\n<p>O reajuste foi uma promessa de campanha de Lula. H\u00e1 duas semanas, o ministro da Educa\u00e7\u00e3o, Camilo Santana, chegou a dizer que o\u00a0an\u00fancio aconteceria ainda em janeiro, o que n\u00e3o se concretizou.<\/p>\n<p>Segundo Associa\u00e7\u00e3o Nacional dos P\u00f3s-Graduandos (ANPG), passados mais de nove anos da \u00faltima atualiza\u00e7\u00e3o, houve perda de 75% do poder de compra. Para Luciana Santos, a situa\u00e7\u00e3o se agravou com o menosprezo \u00e0 ci\u00eancia durante o governo de Jair Bolsonaro, cujo mandato se encerrou no ano passado. &#8220;Ocorreram dr\u00e1sticos cortes no financiamento da pesquisa do pa\u00eds. Mas o tempo da nega\u00e7\u00e3o da ci\u00eancia passou. A ci\u00eancia voltou a ser uma prioridade nesse pa\u00eds&#8221;, afirmou.<\/p>\n<p>Considerado o maior festival estudantil da Am\u00e9rica Latina, a\u00a0Bienal da UNE\u00a0conta com uma programa\u00e7\u00e3o de atividades culturais e debates sobre arte, educa\u00e7\u00e3o, pol\u00edtica e ci\u00eancia. Luciana Santos, participou de uma mesa conduzida pela ANPG, que \u00e9 parceira da UNE na organiza\u00e7\u00e3o do evento.<\/p>\n<p>A ministra falou ainda que o governo ir\u00e1 enviar ao Congresso Nacional um projeto de lei para reverter a redu\u00e7\u00e3o de recursos do Fundo Nacional de Desenvolvimento Cient\u00edfico e Tecnol\u00f3gico (FNDCT). Ela tamb\u00e9m criticou a Medida Provis\u00f3ria 1.136 de 2022, assinada por Jair Bolsonaro no ano passado, que libera o contingenciamento de verba do FNDCT.<\/p>\n<p>Tamb\u00e9m est\u00e1 no horizonte do MCTI uma reformula\u00e7\u00e3o do edital da Financiadora de Estudos e Projetos (Finep) voltado para apoiar laborat\u00f3rios na compra de equipamentos. Segundo Luciana Santos, a pasta ir\u00e1 atuar de forma a contribuir com o desenvolvimento nacional.<\/p>\n","protected":false},"excerpt":{"rendered":"<p>A ministra de Ci\u00eancia, Tecnologia e Inova\u00e7\u00e3o, Luciana Santos, garantiu\u00a0hoje\u00a0(2) que o reajuste das bolsas de pesquisa cient\u00edfica ocorrer\u00e1 ainda no primeiro semestre de 2023. Em discurso realizado no Rio\u00a0de Janeiro, durante a 13\u00ba Bienal da Uni\u00e3o Nacional dos Estudantes (UNE), ela disse que n\u00e3o poderia adiantar quais ser\u00e3o os novos valores. &#8220;Quem vai anunciar [&hellip;]<\/p>\n","protected":false},"author":2,"featured_media":14592,"comment_status":"closed","ping_status":"closed","sticky":false,"template":"","format":"standard","meta":{"_links_to":"","_links_to_target":""},"categories":[5],"tags":[],"views":319,"_links":{"self":[{"href":"https:\/\/www.bahiananoticias.com.br\/v1\/wp-json\/wp\/v2\/posts\/15103"}],"collection":[{"href":"https:\/\/www.bahiananoticias.com.br\/v1\/wp-json\/wp\/v2\/posts"}],"about":[{"href":"https:\/\/www.bahiananoticias.com.br\/v1\/wp-json\/wp\/v2\/types\/post"}],"author":[{"embeddable":true,"href":"https:\/\/www.bahiananoticias.com.br\/v1\/wp-json\/wp\/v2\/users\/2"}],"replies":[{"embeddable":true,"href":"https:\/\/www.bahiananoticias.com.br\/v1\/wp-json\/wp\/v2\/comments?post=15103"}],"version-history":[{"count":1,"href":"https:\/\/www.bahiananoticias.com.br\/v1\/wp-json\/wp\/v2\/posts\/15103\/revisions"}],"predecessor-version":[{"id":15104,"href":"https:\/\/www.bahiananoticias.com.br\/v1\/wp-json\/wp\/v2\/posts\/15103\/revisions\/15104"}],"wp:featuredmedia":[{"embeddable":true,"href":"https:\/\/www.bahiananoticias.com.br\/v1\/wp-json\/wp\/v2\/media\/14592"}],"wp:attachment":[{"href":"https:\/\/www.bahiananoticias.com.br\/v1\/wp-json\/wp\/v2\/media?parent=15103"}],"wp:term":[{"taxonomy":"category","embeddable":true,"href":"https:\/\/www.bahiananoticias.com.br\/v1\/wp-json\/wp\/v2\/categories?post=15103"},{"taxonomy":"post_tag","embeddable":true,"href":"https:\/\/www.bahiananoticias.com.br\/v1\/wp-json\/wp\/v2\/tags?post=15103"}],"curies":[{"name":"wp","href":"https:\/\/api.w.org\/{rel}","templated":true}]}}