{"id":14197,"date":"2022-10-04T09:54:17","date_gmt":"2022-10-04T12:54:17","guid":{"rendered":"https:\/\/www.bahiananoticias.com.br\/v1\/?p=14197"},"modified":"2022-10-04T09:54:17","modified_gmt":"2022-10-04T12:54:17","slug":"eleitor-que-nao-votou-no-primeiro-turno-pode-votar-no-segundo","status":"publish","type":"post","link":"https:\/\/www.bahiananoticias.com.br\/v1\/2022\/10\/04\/eleitor-que-nao-votou-no-primeiro-turno-pode-votar-no-segundo\/","title":{"rendered":"ELEITOR QUE N\u00c3O VOTOU NO PRIMEIRO TURNO PODE VOTAR NO SEGUNDO"},"content":{"rendered":"<p><img decoding=\"async\" loading=\"lazy\" class=\"size-full wp-image-1144\" src=\"https:\/\/www.bahiananoticias.com.br\/v1\/wp-content\/uploads\/2020\/10\/foto.jpg\" alt=\"\" width=\"524\" height=\"393\" srcset=\"https:\/\/www.bahiananoticias.com.br\/v1\/wp-content\/uploads\/2020\/10\/foto.jpg 524w, https:\/\/www.bahiananoticias.com.br\/v1\/wp-content\/uploads\/2020\/10\/foto-300x225.jpg 300w\" sizes=\"(max-width: 524px) 100vw, 524px\" \/><\/p>\n<p>Eleitores que n\u00e3o votaram no primeiro turno das Elei\u00e7\u00f5es 2022, ocorrido neste domingo (02), podem e devem votar no segundo turno, em 30 de outubro, caso esteja em situa\u00e7\u00e3o regular com a Justi\u00e7a Eleitoral.<\/p>\n<p>Cada turno de vota\u00e7\u00e3o \u00e9 uma elei\u00e7\u00e3o independente, e o n\u00e3o comparecimento \u00e0 primeira etapa de vota\u00e7\u00e3o n\u00e3o impede o comparecimento \u00e0s urnas no segundo turno. Al\u00e9m da escolha do pr\u00f3ximo presidente da Rep\u00fablica, as eleitoras e os eleitores eleger\u00e3o\u00a0governadores de 12 estados.<\/p>\n<p><strong>Justificativa<\/strong><\/p>\n<p>Exatamente por ser uma elei\u00e7\u00e3o independente, o eleitor que n\u00e3o compareceu no primeiro turno \u00e9 obrigado a justificar a aus\u00eancia no prazo de 60 dias. A mesma regra vale para o cidad\u00e3o que n\u00e3o votar no segundo turno. Ou seja, quem n\u00e3o comparecer \u00e0s urnas nos dois turnos, dever\u00e1 apresentar duas justificativas \u00e0 Justi\u00e7a Eleitoral. De qualquer forma, o eleitor que ainda n\u00e3o tiver justificado sua aus\u00eancia no primeiro turno n\u00e3o est\u00e1 impedido de votar no segundo turno.<\/p>\n<p>A justificativa pode ser apresentada por uma dessas op\u00e7\u00f5es:<!--more--><\/p>\n<p>\u2013 Aplicativo\u00a0<a href=\"https:\/\/www.tse.jus.br\/eleitor\/servicos\/aplicativo-e-titulo\/aplicativo-e-titulo\"><strong>e-T\u00edtulo<\/strong><\/a><strong>,\u00a0<\/strong>que pode ser baixado<strong>\u00a0<\/strong>nas plataformas\u00a0<em>Android<\/em>\u00a0e iOS;<\/p>\n<p>\u2013 Sistema\u00a0<a href=\"https:\/\/justifica.tse.jus.br\/\"><strong>Justifica<\/strong><\/a>, que pode ser acessado nos Portais da Justi\u00e7a Eleitoral;<\/p>\n<p>\u2013 Formul\u00e1rio\u00a0<a href=\"https:\/\/www.tse.jus.br\/eleitor\/justificativa-eleitoral\/arquivos\/formulario-de-requerimento-de-justificativa-eleitoral-pos-eleicao-2022\"><strong>Requerimento de Justificativa Eleitoral (p\u00f3s-elei\u00e7\u00e3o) &#8211; formato PDF.\u00a0<\/strong><\/a><\/p>\n<p>Em qualquer desses meios, a documenta\u00e7\u00e3o que comprove o motivo da aus\u00eancia \u00e0 elei\u00e7\u00e3o dever\u00e1 ser anexada ao requerimento para exame da autoridade judici\u00e1ria da zona eleitoral respons\u00e1vel pelo t\u00edtulo. Caso a justificativa seja aceita, haver\u00e1 o registro no hist\u00f3rico do t\u00edtulo eleitoral. Se a justificativa for indeferida, a pessoa precisar\u00e1\u00a0<a href=\"https:\/\/www.tse.jus.br\/eleitor\/titulo-de-eleitor\/quitacao-de-multas\"><strong>quitar o d\u00e9bito<\/strong><\/a>.<\/p>\n<p>Ao acessar o\u00a0Sistema Justifica, a eleitora ou o eleitor dever\u00e1 informar os dados pessoais (exatamente como registrados no cadastro eleitoral), declarar o motivo da aus\u00eancia \u00e0s urnas e anexar a documenta\u00e7\u00e3o comprobat\u00f3ria digitalizada. Em seguida ser\u00e1 gerado um c\u00f3digo de protocolo para acompanhamento e o requerimento ser\u00e1 transmitido \u00e0 zona eleitoral respons\u00e1vel pelo t\u00edtulo do eleitor ou da eleitora para an\u00e1lise. Ap\u00f3s a decis\u00e3o, a pessoa ser\u00e1 notificada.<\/p>\n<p><strong>Prazos\u00a0<\/strong><\/p>\n<p>Em 2022, os prazos para a apresenta\u00e7\u00e3o da justificativa s\u00e3o:<\/p>\n<p>\u2013 at\u00e9\u00a01\u00ba de dezembro de 2022\u00a0(aus\u00eancia no primeiro turno \u2013 2.10.2022);<\/p>\n<p>\u2013 at\u00e9\u00a09 de janeiro de 2023\u00a0(aus\u00eancia no segundo turno \u2013 30.10.2022).<\/p>\n<p>Al\u00e9m das op\u00e7\u00f5es do e-T\u00edtulo e do Sistema Justifica, a eleitora ou eleitor ainda pode entregar o Requerimento de Justificativa Eleitoral (p\u00f3s-elei\u00e7\u00e3o)\u00a0em qualquer cart\u00f3rio eleitoral ou envi\u00e1-lo via postal \u00e0 autoridade judici\u00e1ria da zona eleitoral respons\u00e1vel pelo t\u00edtulo. Este requerimento \u00e9 diferente daquele preenchido no dia da elei\u00e7\u00e3o.<\/p>\n<p>Cada justificativa \u00e9 v\u00e1lida somente para o turno ao qual a pessoa n\u00e3o tenha comparecido por estar fora de seu domic\u00edlio eleitoral. Assim, caso tenha deixado de votar no primeiro e no segundo turno da elei\u00e7\u00e3o, ter\u00e1 de justificar a aus\u00eancia de cada um, separadamente, obedecendo aos requisitos e prazos de cada turno. A eleitora ou o eleitor pode justificar a aus\u00eancia \u00e0s elei\u00e7\u00f5es tantas vezes quantas forem necess\u00e1rias.<\/p>\n","protected":false},"excerpt":{"rendered":"<p>Eleitores que n\u00e3o votaram no primeiro turno das Elei\u00e7\u00f5es 2022, ocorrido neste domingo (02), podem e devem votar no segundo turno, em 30 de outubro, caso esteja em situa\u00e7\u00e3o regular com a Justi\u00e7a Eleitoral. Cada turno de vota\u00e7\u00e3o \u00e9 uma elei\u00e7\u00e3o independente, e o n\u00e3o comparecimento \u00e0 primeira etapa de vota\u00e7\u00e3o n\u00e3o impede o comparecimento [&hellip;]<\/p>\n","protected":false},"author":2,"featured_media":1144,"comment_status":"closed","ping_status":"closed","sticky":false,"template":"","format":"standard","meta":{"_links_to":"","_links_to_target":""},"categories":[5],"tags":[],"views":367,"_links":{"self":[{"href":"https:\/\/www.bahiananoticias.com.br\/v1\/wp-json\/wp\/v2\/posts\/14197"}],"collection":[{"href":"https:\/\/www.bahiananoticias.com.br\/v1\/wp-json\/wp\/v2\/posts"}],"about":[{"href":"https:\/\/www.bahiananoticias.com.br\/v1\/wp-json\/wp\/v2\/types\/post"}],"author":[{"embeddable":true,"href":"https:\/\/www.bahiananoticias.com.br\/v1\/wp-json\/wp\/v2\/users\/2"}],"replies":[{"embeddable":true,"href":"https:\/\/www.bahiananoticias.com.br\/v1\/wp-json\/wp\/v2\/comments?post=14197"}],"version-history":[{"count":1,"href":"https:\/\/www.bahiananoticias.com.br\/v1\/wp-json\/wp\/v2\/posts\/14197\/revisions"}],"predecessor-version":[{"id":14198,"href":"https:\/\/www.bahiananoticias.com.br\/v1\/wp-json\/wp\/v2\/posts\/14197\/revisions\/14198"}],"wp:featuredmedia":[{"embeddable":true,"href":"https:\/\/www.bahiananoticias.com.br\/v1\/wp-json\/wp\/v2\/media\/1144"}],"wp:attachment":[{"href":"https:\/\/www.bahiananoticias.com.br\/v1\/wp-json\/wp\/v2\/media?parent=14197"}],"wp:term":[{"taxonomy":"category","embeddable":true,"href":"https:\/\/www.bahiananoticias.com.br\/v1\/wp-json\/wp\/v2\/categories?post=14197"},{"taxonomy":"post_tag","embeddable":true,"href":"https:\/\/www.bahiananoticias.com.br\/v1\/wp-json\/wp\/v2\/tags?post=14197"}],"curies":[{"name":"wp","href":"https:\/\/api.w.org\/{rel}","templated":true}]}}