{"id":13806,"date":"2022-09-05T11:35:35","date_gmt":"2022-09-05T14:35:35","guid":{"rendered":"https:\/\/www.bahiananoticias.com.br\/v1\/?p=13806"},"modified":"2022-09-05T11:35:35","modified_gmt":"2022-09-05T14:35:35","slug":"joao-roma-candidato-a-governador-da-bahia-e-o-entrevistado-do-jornal-regional-nesta-terca-feira-06-na-radio-bahiana-de-ilheus","status":"publish","type":"post","link":"https:\/\/www.bahiananoticias.com.br\/v1\/2022\/09\/05\/joao-roma-candidato-a-governador-da-bahia-e-o-entrevistado-do-jornal-regional-nesta-terca-feira-06-na-radio-bahiana-de-ilheus\/","title":{"rendered":"JO\u00c3O ROMA, CANDIDATO A GOVERNADOR DA BAHIA \u00c9 O ENTREVISTADO DO JORNAL REGIONAL NESTA TER\u00c7A-FEIRA (06) NA R\u00c1DIO BAHIANA DE ILH\u00c9US"},"content":{"rendered":"<p><img decoding=\"async\" loading=\"lazy\" class=\"aligncenter size-full wp-image-13807\" src=\"https:\/\/www.bahiananoticias.com.br\/v1\/wp-content\/uploads\/2022\/09\/WhatsApp-Image-2022-09-05-at-08.41.12.jpeg\" alt=\"\" width=\"570\" height=\"570\" srcset=\"https:\/\/www.bahiananoticias.com.br\/v1\/wp-content\/uploads\/2022\/09\/WhatsApp-Image-2022-09-05-at-08.41.12.jpeg 570w, https:\/\/www.bahiananoticias.com.br\/v1\/wp-content\/uploads\/2022\/09\/WhatsApp-Image-2022-09-05-at-08.41.12-300x300.jpeg 300w, https:\/\/www.bahiananoticias.com.br\/v1\/wp-content\/uploads\/2022\/09\/WhatsApp-Image-2022-09-05-at-08.41.12-150x150.jpeg 150w\" sizes=\"(max-width: 570px) 100vw, 570px\" \/><\/p>\n<p>O \u00a0candidato ao governo da Bahia, Jo\u00e3o Roma (PL), \u00e9 o entrevistado do <strong>Programa Jornal Regional, <\/strong>da R\u00e1dio Bahiana de Ilh\u00e9us AM1310, nesta ter\u00e7a-feira (05), a partir das 07h. Aliado e representante do atual presidente Jair Bolsonaro (PL) e\u00a0 candidato \u00e0 reelei\u00e7\u00e3o. Roma apresentar\u00e1 seu plano de governo aos ouvintes da bahiana.<\/p>\n<p>Ele que \u00e9 Ex-ministro da Cidadania do governo Bolsonaro, e deputado federal Jo\u00e3o Roma (PL), \u00e9 natural de Recife.<\/p>\n<p>Roma ser\u00e1 mais um dos entrevistados do Especial Elei\u00e7\u00f5es 2022\u00a0 realizada pela R\u00e1dio Bahiana. Acompanhe a entrevista pelos canais oficiais do YouTube (https:\/\/www.youtube.com\/channel\/UCuIRGvDfl80x9TRNTa9jJ8w?sub_confirmation=1 )\u00a0 e Facebook ( https:\/\/m.facebook.com\/radiobahiana\/?)\u00a0 \u00e0s 07h desta ter\u00e7a (06) ou no site oficial www.radiobahiana.com.br, aplicativo e sintonia AM1310.<\/p>\n","protected":false},"excerpt":{"rendered":"<p>O \u00a0candidato ao governo da Bahia, Jo\u00e3o Roma (PL), \u00e9 o entrevistado do Programa Jornal Regional, da R\u00e1dio Bahiana de Ilh\u00e9us AM1310, nesta ter\u00e7a-feira (05), a partir das 07h. Aliado e representante do atual presidente Jair Bolsonaro (PL) e\u00a0 candidato \u00e0 reelei\u00e7\u00e3o. Roma apresentar\u00e1 seu plano de governo aos ouvintes da bahiana. Ele que \u00e9 [&hellip;]<\/p>\n","protected":false},"author":2,"featured_media":13807,"comment_status":"closed","ping_status":"closed","sticky":false,"template":"","format":"standard","meta":{"_links_to":"","_links_to_target":""},"categories":[5,15],"tags":[],"views":333,"_links":{"self":[{"href":"https:\/\/www.bahiananoticias.com.br\/v1\/wp-json\/wp\/v2\/posts\/13806"}],"collection":[{"href":"https:\/\/www.bahiananoticias.com.br\/v1\/wp-json\/wp\/v2\/posts"}],"about":[{"href":"https:\/\/www.bahiananoticias.com.br\/v1\/wp-json\/wp\/v2\/types\/post"}],"author":[{"embeddable":true,"href":"https:\/\/www.bahiananoticias.com.br\/v1\/wp-json\/wp\/v2\/users\/2"}],"replies":[{"embeddable":true,"href":"https:\/\/www.bahiananoticias.com.br\/v1\/wp-json\/wp\/v2\/comments?post=13806"}],"version-history":[{"count":1,"href":"https:\/\/www.bahiananoticias.com.br\/v1\/wp-json\/wp\/v2\/posts\/13806\/revisions"}],"predecessor-version":[{"id":13808,"href":"https:\/\/www.bahiananoticias.com.br\/v1\/wp-json\/wp\/v2\/posts\/13806\/revisions\/13808"}],"wp:featuredmedia":[{"embeddable":true,"href":"https:\/\/www.bahiananoticias.com.br\/v1\/wp-json\/wp\/v2\/media\/13807"}],"wp:attachment":[{"href":"https:\/\/www.bahiananoticias.com.br\/v1\/wp-json\/wp\/v2\/media?parent=13806"}],"wp:term":[{"taxonomy":"category","embeddable":true,"href":"https:\/\/www.bahiananoticias.com.br\/v1\/wp-json\/wp\/v2\/categories?post=13806"},{"taxonomy":"post_tag","embeddable":true,"href":"https:\/\/www.bahiananoticias.com.br\/v1\/wp-json\/wp\/v2\/tags?post=13806"}],"curies":[{"name":"wp","href":"https:\/\/api.w.org\/{rel}","templated":true}]}}