{"id":13430,"date":"2022-08-16T10:51:40","date_gmt":"2022-08-16T13:51:40","guid":{"rendered":"https:\/\/www.bahiananoticias.com.br\/v1\/?p=13430"},"modified":"2022-08-16T10:51:40","modified_gmt":"2022-08-16T13:51:40","slug":"camara-de-ilheus-aprova-projeto-de-lei-que-cria-a-categoria-escola-indigena","status":"publish","type":"post","link":"https:\/\/www.bahiananoticias.com.br\/v1\/2022\/08\/16\/camara-de-ilheus-aprova-projeto-de-lei-que-cria-a-categoria-escola-indigena\/","title":{"rendered":"C\u00c2MARA DE ILH\u00c9US APROVA PROJETO DE LEI QUE CRIA A CATEGORIA ESCOLA IND\u00cdGENA"},"content":{"rendered":"<p><img decoding=\"async\" loading=\"lazy\" class=\"aligncenter size-full wp-image-13431\" src=\"https:\/\/www.bahiananoticias.com.br\/v1\/wp-content\/uploads\/2022\/08\/Handler-3.jpg\" alt=\"\" width=\"428\" height=\"570\" srcset=\"https:\/\/www.bahiananoticias.com.br\/v1\/wp-content\/uploads\/2022\/08\/Handler-3.jpg 428w, https:\/\/www.bahiananoticias.com.br\/v1\/wp-content\/uploads\/2022\/08\/Handler-3-225x300.jpg 225w\" sizes=\"(max-width: 428px) 100vw, 428px\" \/><\/p>\n<p>A C\u00e2mara de Vereadores de Ilh\u00e9us aprovou, por unanimidade, nesta quarta-feira, dia 10, o Projeto \u00a0de Lei que fixa normas e procedimentos para criar a categoria de Escola Ind\u00edgena, na Educa\u00e7\u00e3o Infantil e B\u00e1sica, localizada na comunidade Tupinamb\u00e1 de Oliven\u00e7a, integrada ao sistema municipal de ensino. A proposta apresentada \u00e9 de autoria dos edis Cl\u00e1udio Magalh\u00e3es (PCdoB) e Enilda Mendon\u00e7a (PT), que ressaltou a exist\u00eancia das escolas, j\u00e1 em funcionamento. &#8220;As crian\u00e7as j\u00e1 est\u00e3o matriculadas, os professores est\u00e3o l\u00e1 dando aula, apenas precisa colocar no sistema municipal de ensino como categoria ind\u00edgena, conforme prev\u00ea todas as legisla\u00e7\u00f5es. Inclusive, o plano municipal de educa\u00e7\u00e3o de Ilh\u00e9us j\u00e1 prev\u00ea uma meta para escola ind\u00edgena&#8221;, disse a vereadora.<\/p>\n<p>Para Cl\u00e1udio Magalh\u00e3es esse momento culmina com mais de 10 anos de trabalho incessante, principalmente dos professores. &#8220;Que traz tamb\u00e9m esse olhar da minha tia, Nivalda Amotara, de ver uma possibilidade melhor para crian\u00e7as ind\u00edgenas, que foram relegadas muito tempo a segrega\u00e7\u00e3o e invisibilidade. Os professores e caciques aqui presentes constru\u00edram essa possibilidade de tratar com o Conselho Municipal de Educa\u00e7\u00e3o, por mais de cinco anos, essa proposta&#8221;, destacou.<\/p>\n<p>O vereador, que \u00e9 ind\u00edgena, da etnia Tupinamb\u00e1 de Oliven\u00e7a, agradeceu o apoio de sua colega Enilda Mendon\u00e7a, ao professor Osmam Nogueira, aos representantes ind\u00edgenas no conselho e todos que colaboraram nesse processo. &#8220;Hoje a gente traz a possibilidade de regulamentar o que j\u00e1 est\u00e1 proposto e pronto em nosso solo&#8221;, lembrou.<\/p>\n<p>&#8220;N\u00f3s queremos que seja respeitada a Constitui\u00e7\u00e3o Federal, no seu artigo 231, e aqui nessa casa, o cap\u00edtulo 20 e o artigo 282, que diz que n\u00f3s, povos ind\u00edgenas origin\u00e1rios do munic\u00edpio de Ilh\u00e9us temos que ter o apoio institucional e \u00e9 isso que estamos pedindo&#8221;, completou Cl\u00e1udio Magalh\u00e3es.<\/p>\n<p>O parlamentar ainda frisou que &#8220;a partir da constru\u00e7\u00e3o da primeira escola ind\u00edgena, em Sapucaeira, foi resgatado processo de recupera\u00e7\u00e3o da nossa cultura e do resgate como cidad\u00e3os e cidad\u00e3s ilheenses que somos para essa realidade&#8221;.<\/p>\n<p>O presidente da C\u00e2mara, Jebson Moraes (PSD), ressaltou a import\u00e2ncia de Cl\u00e1udio Magalh\u00e3es para a representatividade ind\u00edgena. &#8220;Voc\u00ea \u00e9 uma pessoa que honra os seus princ\u00edpios, sua origem. Isso engrandece muito essa casa, a gente tem contribu\u00eddo com essa luta, no que for poss\u00edvel. Mas a gente v\u00ea que a esperan\u00e7a desse povo reflete no seu mandato&#8221;, avaliou.<\/p>\n","protected":false},"excerpt":{"rendered":"<p>A C\u00e2mara de Vereadores de Ilh\u00e9us aprovou, por unanimidade, nesta quarta-feira, dia 10, o Projeto \u00a0de Lei que fixa normas e procedimentos para criar a categoria de Escola Ind\u00edgena, na Educa\u00e7\u00e3o Infantil e B\u00e1sica, localizada na comunidade Tupinamb\u00e1 de Oliven\u00e7a, integrada ao sistema municipal de ensino. A proposta apresentada \u00e9 de autoria dos edis Cl\u00e1udio [&hellip;]<\/p>\n","protected":false},"author":2,"featured_media":13431,"comment_status":"closed","ping_status":"closed","sticky":false,"template":"","format":"standard","meta":{"_links_to":"","_links_to_target":""},"categories":[5],"tags":[],"views":367,"_links":{"self":[{"href":"https:\/\/www.bahiananoticias.com.br\/v1\/wp-json\/wp\/v2\/posts\/13430"}],"collection":[{"href":"https:\/\/www.bahiananoticias.com.br\/v1\/wp-json\/wp\/v2\/posts"}],"about":[{"href":"https:\/\/www.bahiananoticias.com.br\/v1\/wp-json\/wp\/v2\/types\/post"}],"author":[{"embeddable":true,"href":"https:\/\/www.bahiananoticias.com.br\/v1\/wp-json\/wp\/v2\/users\/2"}],"replies":[{"embeddable":true,"href":"https:\/\/www.bahiananoticias.com.br\/v1\/wp-json\/wp\/v2\/comments?post=13430"}],"version-history":[{"count":1,"href":"https:\/\/www.bahiananoticias.com.br\/v1\/wp-json\/wp\/v2\/posts\/13430\/revisions"}],"predecessor-version":[{"id":13432,"href":"https:\/\/www.bahiananoticias.com.br\/v1\/wp-json\/wp\/v2\/posts\/13430\/revisions\/13432"}],"wp:featuredmedia":[{"embeddable":true,"href":"https:\/\/www.bahiananoticias.com.br\/v1\/wp-json\/wp\/v2\/media\/13431"}],"wp:attachment":[{"href":"https:\/\/www.bahiananoticias.com.br\/v1\/wp-json\/wp\/v2\/media?parent=13430"}],"wp:term":[{"taxonomy":"category","embeddable":true,"href":"https:\/\/www.bahiananoticias.com.br\/v1\/wp-json\/wp\/v2\/categories?post=13430"},{"taxonomy":"post_tag","embeddable":true,"href":"https:\/\/www.bahiananoticias.com.br\/v1\/wp-json\/wp\/v2\/tags?post=13430"}],"curies":[{"name":"wp","href":"https:\/\/api.w.org\/{rel}","templated":true}]}}