{"id":13306,"date":"2022-08-09T11:28:22","date_gmt":"2022-08-09T14:28:22","guid":{"rendered":"https:\/\/www.bahiananoticias.com.br\/v1\/?p=13306"},"modified":"2022-08-09T11:28:22","modified_gmt":"2022-08-09T14:28:22","slug":"auxilio-brasil-de-r-600-comeca-a-ser-pago-nesta-terca-feira","status":"publish","type":"post","link":"https:\/\/www.bahiananoticias.com.br\/v1\/2022\/08\/09\/auxilio-brasil-de-r-600-comeca-a-ser-pago-nesta-terca-feira\/","title":{"rendered":"AUX\u00cdLIO BRASIL DE R$ 600 COME\u00c7A A SER PAGO NESTA TER\u00c7A-FEIRA"},"content":{"rendered":"<p><img decoding=\"async\" loading=\"lazy\" class=\"aligncenter size-full wp-image-10210\" src=\"https:\/\/www.bahiananoticias.com.br\/v1\/wp-content\/uploads\/2021\/10\/auxilio-emergencial-26012021182904132-1200x720.jpg\" alt=\"\" width=\"570\" height=\"342\" srcset=\"https:\/\/www.bahiananoticias.com.br\/v1\/wp-content\/uploads\/2021\/10\/auxilio-emergencial-26012021182904132-1200x720.jpg 570w, https:\/\/www.bahiananoticias.com.br\/v1\/wp-content\/uploads\/2021\/10\/auxilio-emergencial-26012021182904132-1200x720-300x180.jpg 300w\" sizes=\"(max-width: 570px) 100vw, 570px\" \/><\/p>\n<p>A Caixa Econ\u00f4mica Federal come\u00e7a a pagar nesta\u00a0ter\u00e7a-feira (9) a parcela\u00a0de agosto\u00a0do Aux\u00edlio Brasil e do Aux\u00edlio G\u00e1s. Recebem\u00a0hoje\u00a0os benefici\u00e1rios com N\u00famero de Inscri\u00e7\u00e3o Social (NIS) com final 1. Esta \u00e9 a primeira parcela com o valor m\u00ednimo de R$ 600, que vigorar\u00e1 at\u00e9 dezembro, conforme\u00a0emenda constitucional\u00a0promulgada em julho pelo Congresso Nacional.<img decoding=\"async\" src=\"https:\/\/agenciabrasil.ebc.com.br\/ebc.png?id=1475295&amp;o=node\" \/><img decoding=\"async\" src=\"https:\/\/agenciabrasil.ebc.com.br\/ebc.gif?id=1475295&amp;o=node\" \/><\/p>\n<p>A emenda constitucional tamb\u00e9m liberou a inclus\u00e3o de 2,2 milh\u00f5es de fam\u00edlias no Aux\u00edlio Brasil. Com isso, o total de benefici\u00e1rios\u00a0atendidos pelo programa\u00a0sobe para 20,2 milh\u00f5es\u00a0a partir deste m\u00eas.<\/p>\n<p>O benefici\u00e1rio poder\u00e1 consultar informa\u00e7\u00f5es sobre as datas de pagamento, o valor do benef\u00edcio e a composi\u00e7\u00e3o das parcelas em dois aplicativos: Aux\u00edlio Brasil, desenvolvido para o programa social, e Caixa Tem, usado para acompanhar as contas poupan\u00e7a digitais do banco.<!--more--><\/p>\n<p><img decoding=\"async\" src=\"https:\/\/imagens.ebc.com.br\/HLRKLsC1stg-NHuf6Mmp7NVf9Rk=\/754x0\/smart\/https:\/\/agenciabrasil.ebc.com.br\/sites\/default\/files\/thumbnails\/image\/tabela_auxilio_brasil_agosto.jpg?itok=ewpUQnsC\" alt=\"Calend\u00e1rio de pagamentos do Aux\u00edlio Brasil de R$ 600\" \/><\/p>\n<p>Em janeiro, o valor m\u00ednimo do Aux\u00edlio Brasil voltar\u00e1 a R$ 400, a menos que uma nova proposta de emenda \u00e0 Constitui\u00e7\u00e3o seja aprovada. Tradicionalmente, as datas do Aux\u00edlio Brasil seguem o modelo do Bolsa Fam\u00edlia, que pagava\u00a0nos dez \u00faltimos dias \u00fateis do m\u00eas. No entanto, uma\u00a0portaria\u00a0editada no in\u00edcio\u00a0deste m\u00eas\u00a0antecipou o pagamento da parcela\u00a0de agosto\u00a0para o per\u00edodo de 9 a 22.<\/p>\n","protected":false},"excerpt":{"rendered":"<p>A Caixa Econ\u00f4mica Federal come\u00e7a a pagar nesta\u00a0ter\u00e7a-feira (9) a parcela\u00a0de agosto\u00a0do Aux\u00edlio Brasil e do Aux\u00edlio G\u00e1s. Recebem\u00a0hoje\u00a0os benefici\u00e1rios com N\u00famero de Inscri\u00e7\u00e3o Social (NIS) com final 1. Esta \u00e9 a primeira parcela com o valor m\u00ednimo de R$ 600, que vigorar\u00e1 at\u00e9 dezembro, conforme\u00a0emenda constitucional\u00a0promulgada em julho pelo Congresso Nacional. A emenda constitucional [&hellip;]<\/p>\n","protected":false},"author":2,"featured_media":10210,"comment_status":"closed","ping_status":"closed","sticky":false,"template":"","format":"standard","meta":{"_links_to":"","_links_to_target":""},"categories":[5],"tags":[],"views":452,"_links":{"self":[{"href":"https:\/\/www.bahiananoticias.com.br\/v1\/wp-json\/wp\/v2\/posts\/13306"}],"collection":[{"href":"https:\/\/www.bahiananoticias.com.br\/v1\/wp-json\/wp\/v2\/posts"}],"about":[{"href":"https:\/\/www.bahiananoticias.com.br\/v1\/wp-json\/wp\/v2\/types\/post"}],"author":[{"embeddable":true,"href":"https:\/\/www.bahiananoticias.com.br\/v1\/wp-json\/wp\/v2\/users\/2"}],"replies":[{"embeddable":true,"href":"https:\/\/www.bahiananoticias.com.br\/v1\/wp-json\/wp\/v2\/comments?post=13306"}],"version-history":[{"count":1,"href":"https:\/\/www.bahiananoticias.com.br\/v1\/wp-json\/wp\/v2\/posts\/13306\/revisions"}],"predecessor-version":[{"id":13307,"href":"https:\/\/www.bahiananoticias.com.br\/v1\/wp-json\/wp\/v2\/posts\/13306\/revisions\/13307"}],"wp:featuredmedia":[{"embeddable":true,"href":"https:\/\/www.bahiananoticias.com.br\/v1\/wp-json\/wp\/v2\/media\/10210"}],"wp:attachment":[{"href":"https:\/\/www.bahiananoticias.com.br\/v1\/wp-json\/wp\/v2\/media?parent=13306"}],"wp:term":[{"taxonomy":"category","embeddable":true,"href":"https:\/\/www.bahiananoticias.com.br\/v1\/wp-json\/wp\/v2\/categories?post=13306"},{"taxonomy":"post_tag","embeddable":true,"href":"https:\/\/www.bahiananoticias.com.br\/v1\/wp-json\/wp\/v2\/tags?post=13306"}],"curies":[{"name":"wp","href":"https:\/\/api.w.org\/{rel}","templated":true}]}}