{"id":1300,"date":"2020-10-29T10:06:10","date_gmt":"2020-10-29T13:06:10","guid":{"rendered":"https:\/\/www.bahiananoticias.com.br\/v1\/?p=1300"},"modified":"2020-10-29T10:06:10","modified_gmt":"2020-10-29T13:06:10","slug":"governador-rui-costa-anuncia-hospital-do-planserv-para-servidores","status":"publish","type":"post","link":"https:\/\/www.bahiananoticias.com.br\/v1\/2020\/10\/29\/governador-rui-costa-anuncia-hospital-do-planserv-para-servidores\/","title":{"rendered":"GOVERNADOR RUI COSTA ANUNCIA HOSPITAL DO PLANSERV PARA SERVIDORES"},"content":{"rendered":"<p><img decoding=\"async\" loading=\"lazy\" class=\"aligncenter  wp-image-1272\" src=\"https:\/\/www.bahiananoticias.com.br\/v1\/wp-content\/uploads\/2020\/10\/whatsapp-image-2020-07-30-at-19.20.42-e1603843949563.jpeg\" alt=\"\" width=\"383\" height=\"255\" srcset=\"https:\/\/www.bahiananoticias.com.br\/v1\/wp-content\/uploads\/2020\/10\/whatsapp-image-2020-07-30-at-19.20.42-e1603843949563.jpeg 500w, https:\/\/www.bahiananoticias.com.br\/v1\/wp-content\/uploads\/2020\/10\/whatsapp-image-2020-07-30-at-19.20.42-e1603843949563-300x200.jpeg 300w\" sizes=\"(max-width: 383px) 100vw, 383px\" \/><\/p>\n<p>O governador Rui Costa anunciou na manh\u00e3 desta quarta-feira, 28, a exist\u00eancia de estudos de viabilidade para a implanta\u00e7\u00e3o do Hospital do Planserv, que atender\u00e1 aos servidores p\u00fablicos do estado, na \u00e1rea do antigo Hospital Espanhol no bairro da Barra. De acordo com o governador, o estado ir\u00e1 contratar empresa especializada para conduzir o estudo via processo licitat\u00f3rio e ap\u00f3s a entrega, a Procuradoria-Geral do Estado (PGE) ir\u00e1 tomar as medidas para desapropriar o im\u00f3vel.<\/p>\n<p>\u201cVamos fazer um hospital de refer\u00eancia, de alta qualidade e de alta performance para atender o servidor. Contratamos os estudos e a refer\u00eancia que definimos \u00e9 o Hospital Espanhol. A Procuradoria do Estado ir\u00e1 tomar as medidas para contratar esse estudo de defini\u00e7\u00e3o do perfil e do processo legal da conclus\u00e3o para a desapropria\u00e7\u00e3o da \u00e1rea\u201d, afirmou.<!--more--><\/p>\n<p>Em fun\u00e7\u00e3o do aproveitamento da estrutura do Hospital Espanhol, ser\u00e3o estudadas as adapta\u00e7\u00f5es que ser\u00e3o necess\u00e1rias para a acomoda\u00e7\u00e3o dos pacientes na unidade. Neste ano, o Hospital foi cedido temporariamente para a Secretaria de Sa\u00fade do Estado da Bahia (Sesab) para a implanta\u00e7\u00e3o de\u00a0unidade exclusiva para tratamento do Covid-19.<\/p>\n<p><strong>Hospital Espanhol<\/strong><\/p>\n<p>O impasse sobre o im\u00f3vel do Hospital Espanhol j\u00e1 passou por variadas fases com a Justi\u00e7a tendo determinado a venda da unidade, leil\u00f5es marcados e remarcados e o pedido de desapropria\u00e7\u00e3o feito pelo Governo do Estado.<\/p>\n<p>No in\u00edcio de outubro o governo estadual havia divulgado que faria\u00a0um novo chamamento p\u00fablico\u00a0para selecionar a empresa que administraria o hospital. \u201c\u00c9 um patrim\u00f4nio da Bahia, uma refer\u00eancia de sa\u00fade privada e infelizmente com os problemas de gest\u00e3o veio a fechar\u201d, falou o governador.<\/p>\n<p>Em setembro de 2019, o governo estadual j\u00e1 havia feito um pedido de desapropria\u00e7\u00e3o do im\u00f3vel no valor de R$ 82 milh\u00f5es. No entanto, a avalia\u00e7\u00e3o foi de que o valor estaria abaixo do montante do ativo imobili\u00e1rio do equipamento, avaliado pela Justi\u00e7a em R$ 195 milh\u00f5es.<\/p>\n<p>O pr\u00e9dio, que est\u00e1 fechado desde 2014, acumula uma d\u00edvida de R$480 milh\u00f5es com R$179 milh\u00f5es na \u00e1rea trabalhista. O d\u00e9ficit \u00e9 de responsabilidade da Real Benefic\u00eancia Espanhola, que administrava o im\u00f3vel.<\/p>\n","protected":false},"excerpt":{"rendered":"<p>O governador Rui Costa anunciou na manh\u00e3 desta quarta-feira, 28, a exist\u00eancia de estudos de viabilidade para a implanta\u00e7\u00e3o do Hospital do Planserv, que atender\u00e1 aos servidores p\u00fablicos do estado, na \u00e1rea do antigo Hospital Espanhol no bairro da Barra. De acordo com o governador, o estado ir\u00e1 contratar empresa especializada para conduzir o estudo [&hellip;]<\/p>\n","protected":false},"author":2,"featured_media":1272,"comment_status":"closed","ping_status":"closed","sticky":false,"template":"","format":"standard","meta":{"_links_to":"","_links_to_target":""},"categories":[11],"tags":[],"views":505,"_links":{"self":[{"href":"https:\/\/www.bahiananoticias.com.br\/v1\/wp-json\/wp\/v2\/posts\/1300"}],"collection":[{"href":"https:\/\/www.bahiananoticias.com.br\/v1\/wp-json\/wp\/v2\/posts"}],"about":[{"href":"https:\/\/www.bahiananoticias.com.br\/v1\/wp-json\/wp\/v2\/types\/post"}],"author":[{"embeddable":true,"href":"https:\/\/www.bahiananoticias.com.br\/v1\/wp-json\/wp\/v2\/users\/2"}],"replies":[{"embeddable":true,"href":"https:\/\/www.bahiananoticias.com.br\/v1\/wp-json\/wp\/v2\/comments?post=1300"}],"version-history":[{"count":1,"href":"https:\/\/www.bahiananoticias.com.br\/v1\/wp-json\/wp\/v2\/posts\/1300\/revisions"}],"predecessor-version":[{"id":1301,"href":"https:\/\/www.bahiananoticias.com.br\/v1\/wp-json\/wp\/v2\/posts\/1300\/revisions\/1301"}],"wp:featuredmedia":[{"embeddable":true,"href":"https:\/\/www.bahiananoticias.com.br\/v1\/wp-json\/wp\/v2\/media\/1272"}],"wp:attachment":[{"href":"https:\/\/www.bahiananoticias.com.br\/v1\/wp-json\/wp\/v2\/media?parent=1300"}],"wp:term":[{"taxonomy":"category","embeddable":true,"href":"https:\/\/www.bahiananoticias.com.br\/v1\/wp-json\/wp\/v2\/categories?post=1300"},{"taxonomy":"post_tag","embeddable":true,"href":"https:\/\/www.bahiananoticias.com.br\/v1\/wp-json\/wp\/v2\/tags?post=1300"}],"curies":[{"name":"wp","href":"https:\/\/api.w.org\/{rel}","templated":true}]}}