{"id":11257,"date":"2022-05-02T09:32:49","date_gmt":"2022-05-02T12:32:49","guid":{"rendered":"https:\/\/www.bahiananoticias.com.br\/v1\/?p=11257"},"modified":"2022-05-02T09:32:49","modified_gmt":"2022-05-02T12:32:49","slug":"covid-19-bahia-registra-segundo-dia-consecutivo-sem-mortes-causadas-pela-doenca","status":"publish","type":"post","link":"https:\/\/www.bahiananoticias.com.br\/v1\/2022\/05\/02\/covid-19-bahia-registra-segundo-dia-consecutivo-sem-mortes-causadas-pela-doenca\/","title":{"rendered":"COVID-19: BAHIA REGISTRA SEGUNDO DIA CONSECUTIVO SEM MORTES CAUSADAS PELA DOEN\u00c7A"},"content":{"rendered":"<div id=\"attachment_11258\" style=\"width: 580px\" class=\"wp-caption aligncenter\"><img aria-describedby=\"caption-attachment-11258\" decoding=\"async\" loading=\"lazy\" class=\"size-full wp-image-11258\" src=\"https:\/\/www.bahiananoticias.com.br\/v1\/wp-content\/uploads\/2022\/05\/leitos-uti-hospital-santa-rita-1-.jpg\" alt=\"\" width=\"570\" height=\"357\" srcset=\"https:\/\/www.bahiananoticias.com.br\/v1\/wp-content\/uploads\/2022\/05\/leitos-uti-hospital-santa-rita-1-.jpg 570w, https:\/\/www.bahiananoticias.com.br\/v1\/wp-content\/uploads\/2022\/05\/leitos-uti-hospital-santa-rita-1--300x188.jpg 300w\" sizes=\"(max-width: 570px) 100vw, 570px\" \/><p id=\"caption-attachment-11258\" class=\"wp-caption-text\">Bahia tem segundo dia seguido sem registrar mortes por Covid-19 \u2014 Foto: Divulga\u00e7\u00e3o\/Governo da Bahia<\/p><\/div>\n<p>Pelo segundo dia consecutivo, a Bahia n\u00e3o registra \u00f3bitos causados pela Covid-19. A informa\u00e7\u00e3o foi divulgada pela Secretaria da Sa\u00fade do estado (Sesab), em boletim publicado na tarde deste domingo (1\u00ba).<\/p>\n<p>Antes, a pasta havia contabilizado os mesmos dados sem \u00f3bitos no s\u00e1bado (30), feito que havia n\u00e3o ocorria desde abril de 2020 (al\u00e9m de 26 de dezembro de 2021, quando o sistema apresentou problemas e os dados n\u00e3o foram divulgados).<\/p>\n<p>Al\u00e9m disso, 27 casos positivos foram registrados nas \u00faltimas 24 horas (taxa de crescimento de 0,02%) e 33 pessoas recuperadas (crescimento tamb\u00e9m de 0,02%).<!--more--><\/p>\n<p>Ao todo, 1.542.907 foram confirmados desde o in\u00edcio da pandemia. Outros 354 est\u00e3o ativos e 29.856 pessoas perderam a vida para a Covid-19 em todo o estado.<\/p>\n<div class=\"mc-column content-text active-extra-styles \" data-block-type=\"unstyled\" data-block-weight=\"27\" data-block-id=\"8\">\n<p class=\"content-text__container \" data-track-category=\"Link no Texto\" data-track-links=\"\">O boletim epidemiol\u00f3gico registra ainda 1.850.070 casos descartados e 331.989 em investiga\u00e7\u00e3o. De acordo com a Sesab, 63.215 profissionais da sa\u00fade testaram positivo para a doen\u00e7a.<\/p>\n<\/div>\n<div class=\"mc-column content-text active-extra-styles \" data-block-type=\"unstyled\" data-block-weight=\"19\" data-block-id=\"9\">\n<p class=\"content-text__container \" data-track-category=\"Link no Texto\" data-track-links=\"\">Os dados completos podem ser acessados no\u00a0<a href=\"http:\/\/www.saude.ba.gov.br\/wp-content\/uploads\/2022\/04\/BOLETIM_ELETRONICO_BAHIAN_766___29042022-1.pdf\" target=\"_blank\" rel=\"noopener noreferrer\">site da secretaria<\/a>\u00a0e na plataforma disponibilizada pelo \u00f3rg\u00e3o, o\u00a0<a href=\"https:\/\/bi.saude.ba.gov.br\/transparencia\/\" target=\"_blank\" rel=\"noopener noreferrer\">Business Intelligence<\/a>.<\/p>\n<\/div>\n<p>&nbsp;<\/p>\n","protected":false},"excerpt":{"rendered":"<p>Pelo segundo dia consecutivo, a Bahia n\u00e3o registra \u00f3bitos causados pela Covid-19. A informa\u00e7\u00e3o foi divulgada pela Secretaria da Sa\u00fade do estado (Sesab), em boletim publicado na tarde deste domingo (1\u00ba). Antes, a pasta havia contabilizado os mesmos dados sem \u00f3bitos no s\u00e1bado (30), feito que havia n\u00e3o ocorria desde abril de 2020 (al\u00e9m de [&hellip;]<\/p>\n","protected":false},"author":2,"featured_media":11258,"comment_status":"closed","ping_status":"closed","sticky":false,"template":"","format":"standard","meta":{"_links_to":"","_links_to_target":""},"categories":[3],"tags":[],"views":409,"_links":{"self":[{"href":"https:\/\/www.bahiananoticias.com.br\/v1\/wp-json\/wp\/v2\/posts\/11257"}],"collection":[{"href":"https:\/\/www.bahiananoticias.com.br\/v1\/wp-json\/wp\/v2\/posts"}],"about":[{"href":"https:\/\/www.bahiananoticias.com.br\/v1\/wp-json\/wp\/v2\/types\/post"}],"author":[{"embeddable":true,"href":"https:\/\/www.bahiananoticias.com.br\/v1\/wp-json\/wp\/v2\/users\/2"}],"replies":[{"embeddable":true,"href":"https:\/\/www.bahiananoticias.com.br\/v1\/wp-json\/wp\/v2\/comments?post=11257"}],"version-history":[{"count":1,"href":"https:\/\/www.bahiananoticias.com.br\/v1\/wp-json\/wp\/v2\/posts\/11257\/revisions"}],"predecessor-version":[{"id":11259,"href":"https:\/\/www.bahiananoticias.com.br\/v1\/wp-json\/wp\/v2\/posts\/11257\/revisions\/11259"}],"wp:featuredmedia":[{"embeddable":true,"href":"https:\/\/www.bahiananoticias.com.br\/v1\/wp-json\/wp\/v2\/media\/11258"}],"wp:attachment":[{"href":"https:\/\/www.bahiananoticias.com.br\/v1\/wp-json\/wp\/v2\/media?parent=11257"}],"wp:term":[{"taxonomy":"category","embeddable":true,"href":"https:\/\/www.bahiananoticias.com.br\/v1\/wp-json\/wp\/v2\/categories?post=11257"},{"taxonomy":"post_tag","embeddable":true,"href":"https:\/\/www.bahiananoticias.com.br\/v1\/wp-json\/wp\/v2\/tags?post=11257"}],"curies":[{"name":"wp","href":"https:\/\/api.w.org\/{rel}","templated":true}]}}